
{"id":58124,"date":"2016-06-14T13:35:20","date_gmt":"2016-06-14T16:35:20","guid":{"rendered":"http:\/\/www.sudoestehoje.com.br\/novoportal\/?p=58124"},"modified":"2016-06-14T18:42:03","modified_gmt":"2016-06-14T21:42:03","slug":"esporte-dunga-nao-e-mais-o-tecnico-da-selecao","status":"publish","type":"post","link":"https:\/\/www.sudoestehoje.com.br\/novoportal\/2016\/06\/14\/esporte-dunga-nao-e-mais-o-tecnico-da-selecao\/","title":{"rendered":"ESPORTE: DUNGA N\u00c3O \u00c9 MAIS O T\u00c9CNICO DA SELE\u00c7\u00c3O"},"content":{"rendered":"<p><a href=\"http:\/\/www.sudoestehoje.com.br\/novoportal\/wp-content\/uploads\/2016\/06\/CAI-DUNGA.jpg\" rel=\"attachment wp-att-58126\"><img loading=\"lazy\" decoding=\"async\" class=\"aligncenter size-medium wp-image-58126\" src=\"http:\/\/www.sudoestehoje.com.br\/novoportal\/wp-content\/uploads\/2016\/06\/CAI-DUNGA-500x335.jpg\" alt=\"CAI DUNGA\" width=\"500\" height=\"335\" srcset=\"https:\/\/www.sudoestehoje.com.br\/novoportal\/wp-content\/uploads\/2016\/06\/CAI-DUNGA-500x335.jpg 500w, https:\/\/www.sudoestehoje.com.br\/novoportal\/wp-content\/uploads\/2016\/06\/CAI-DUNGA.jpg 620w\" sizes=\"auto, (max-width: 500px) 100vw, 500px\" \/><\/a><\/p>\n<p>Dunga n\u00e3o \u00e9 mais o t\u00e9cnico da sele\u00e7\u00e3o brasileira. O treinador foi demitido nesta ter\u00e7a-feira depois de uma reuni\u00e3o na sede da CBF com Marco Polo del Nero. Gilmar Rinaldi, coordenador de sele\u00e7\u00f5es, tamb\u00e9m esteve presente e igualmente deixou seu cargo.\u00a0O an\u00fancio foi feito atrav\u00e9s do site oficial da entidade.<\/p>\n<p>A gota d&#8217;\u00e1gua para a sa\u00edda foi a derrota para o Peru e a consequente elimina\u00e7\u00e3o da Copa Am\u00e9rica Centen\u00e1rio ainda na primeira fase da competi\u00e7\u00e3o.<\/p>\n<p>A caminho do Rio de Janeiro, Tite \u00e9 a op\u00e7\u00e3o n\u00famero 1 e deve ser anunciado como substituto nas pr\u00f3ximas horas.<\/p>\n","protected":false},"excerpt":{"rendered":"<p>Dunga n\u00e3o \u00e9 mais o t\u00e9cnico da sele\u00e7\u00e3o brasileira. O treinador foi demitido nesta ter\u00e7a-feira depois de uma reuni\u00e3o na sede da CBF com Marco Polo del Nero. Gilmar Rinaldi, coordenador de sele\u00e7\u00f5es, tamb\u00e9m esteve presente e igualmente deixou seu cargo.\u00a0O an\u00fancio foi feito atrav\u00e9s do site oficial da entidade. A gota d&#8217;\u00e1gua para a [&hellip;]<\/p>\n","protected":false},"author":2,"featured_media":0,"comment_status":"open","ping_status":"open","sticky":false,"template":"","format":"standard","meta":{"footnotes":"","_links_to":"","_links_to_target":""},"categories":[1],"tags":[],"class_list":["post-58124","post","type-post","status-publish","format-standard","hentry","category-geral"],"views":1193,"_links":{"self":[{"href":"https:\/\/www.sudoestehoje.com.br\/novoportal\/wp-json\/wp\/v2\/posts\/58124","targetHints":{"allow":["GET"]}}],"collection":[{"href":"https:\/\/www.sudoestehoje.com.br\/novoportal\/wp-json\/wp\/v2\/posts"}],"about":[{"href":"https:\/\/www.sudoestehoje.com.br\/novoportal\/wp-json\/wp\/v2\/types\/post"}],"author":[{"embeddable":true,"href":"https:\/\/www.sudoestehoje.com.br\/novoportal\/wp-json\/wp\/v2\/users\/2"}],"replies":[{"embeddable":true,"href":"https:\/\/www.sudoestehoje.com.br\/novoportal\/wp-json\/wp\/v2\/comments?post=58124"}],"version-history":[{"count":1,"href":"https:\/\/www.sudoestehoje.com.br\/novoportal\/wp-json\/wp\/v2\/posts\/58124\/revisions"}],"predecessor-version":[{"id":58127,"href":"https:\/\/www.sudoestehoje.com.br\/novoportal\/wp-json\/wp\/v2\/posts\/58124\/revisions\/58127"}],"wp:attachment":[{"href":"https:\/\/www.sudoestehoje.com.br\/novoportal\/wp-json\/wp\/v2\/media?parent=58124"}],"wp:term":[{"taxonomy":"category","embeddable":true,"href":"https:\/\/www.sudoestehoje.com.br\/novoportal\/wp-json\/wp\/v2\/categories?post=58124"},{"taxonomy":"post_tag","embeddable":true,"href":"https:\/\/www.sudoestehoje.com.br\/novoportal\/wp-json\/wp\/v2\/tags?post=58124"}],"curies":[{"name":"wp","href":"https:\/\/api.w.org\/{rel}","templated":true}]}}