
{"id":58117,"date":"2016-06-14T18:25:34","date_gmt":"2016-06-14T21:25:34","guid":{"rendered":"http:\/\/www.sudoestehoje.com.br\/novoportal\/?p=58117"},"modified":"2016-06-14T18:25:34","modified_gmt":"2016-06-14T21:25:34","slug":"conselho-de-etica-aprova-parecer-pela-cassacao-de-cunha","status":"publish","type":"post","link":"https:\/\/www.sudoestehoje.com.br\/novoportal\/2016\/06\/14\/conselho-de-etica-aprova-parecer-pela-cassacao-de-cunha\/","title":{"rendered":"CONSELHO DE \u00c9TICA APROVA PARECER PELA CASSA\u00c7\u00c3O DE CUNHA"},"content":{"rendered":"<p><a href=\"http:\/\/www.sudoestehoje.com.br\/novoportal\/wp-content\/uploads\/2016\/06\/CUNHA.jpg\" rel=\"attachment wp-att-58118\"><img loading=\"lazy\" decoding=\"async\" class=\"aligncenter size-medium wp-image-58118\" src=\"http:\/\/www.sudoestehoje.com.br\/novoportal\/wp-content\/uploads\/2016\/06\/CUNHA-500x281.jpg\" alt=\"CUNHA\" width=\"500\" height=\"281\" srcset=\"https:\/\/www.sudoestehoje.com.br\/novoportal\/wp-content\/uploads\/2016\/06\/CUNHA-500x281.jpg 500w, https:\/\/www.sudoestehoje.com.br\/novoportal\/wp-content\/uploads\/2016\/06\/CUNHA-768x431.jpg 768w, https:\/\/www.sudoestehoje.com.br\/novoportal\/wp-content\/uploads\/2016\/06\/CUNHA-700x393.jpg 700w, https:\/\/www.sudoestehoje.com.br\/novoportal\/wp-content\/uploads\/2016\/06\/CUNHA.jpg 810w\" sizes=\"auto, (max-width: 500px) 100vw, 500px\" \/><\/a><\/p>\n<p>Depois de oito meses de idas e vindas, o Conselho de \u00c9tica da C\u00e2mara dos Deputados aprovou nesta ter\u00e7a-feira (14) parecer que pede a cassa\u00e7\u00e3o do mandato de Eduardo Cunha (PMDB-RJ), presidente afastado da Casa h\u00e1 pouco mais de um m\u00eas.<\/p>\n<p>O placar final ficou com 11 votos favor\u00e1veis \u00e0 cassa\u00e7\u00e3o e 9 contra.<\/p>\n<p>No processo mais longo da hist\u00f3ria do colegiado, o resultado se manteve incerto at\u00e9 o \u00faltimo minuto da vota\u00e7\u00e3o gra\u00e7as ao mist\u00e9rio em torno da posi\u00e7\u00e3o da deputada federal Tia Eron (PRB-BA).<\/p>\n<p>Contrariando os aplausos de aliados do peemedebista durante a sess\u00e3o, a deputada baiana votou pela aprova\u00e7\u00e3o do parecer. \u00a0\u00danica mulher a participar do conselho, a parlamentar ganhou holofotes na semana passada por faltar na sess\u00e3o que definiria o futuro da carreira pol\u00edtica do peemedebista.<\/p>\n<p>A surpresa da sess\u00e3o de hoje veio, contudo, do voto do deputado Wladimir Costa (SD-PA) favor\u00e1vel \u00e0 cassa\u00e7\u00e3o &#8211; embora ele tenha declarado anteriormente que votaria com Cunha.<\/p>\n","protected":false},"excerpt":{"rendered":"<p>Depois de oito meses de idas e vindas, o Conselho de \u00c9tica da C\u00e2mara dos Deputados aprovou nesta ter\u00e7a-feira (14) parecer que pede a cassa\u00e7\u00e3o do mandato de Eduardo Cunha (PMDB-RJ), presidente afastado da Casa h\u00e1 pouco mais de um m\u00eas. O placar final ficou com 11 votos favor\u00e1veis \u00e0 cassa\u00e7\u00e3o e 9 contra. No [&hellip;]<\/p>\n","protected":false},"author":2,"featured_media":0,"comment_status":"open","ping_status":"open","sticky":false,"template":"","format":"standard","meta":{"footnotes":"","_links_to":"","_links_to_target":""},"categories":[1],"tags":[],"class_list":["post-58117","post","type-post","status-publish","format-standard","hentry","category-geral"],"views":1170,"_links":{"self":[{"href":"https:\/\/www.sudoestehoje.com.br\/novoportal\/wp-json\/wp\/v2\/posts\/58117","targetHints":{"allow":["GET"]}}],"collection":[{"href":"https:\/\/www.sudoestehoje.com.br\/novoportal\/wp-json\/wp\/v2\/posts"}],"about":[{"href":"https:\/\/www.sudoestehoje.com.br\/novoportal\/wp-json\/wp\/v2\/types\/post"}],"author":[{"embeddable":true,"href":"https:\/\/www.sudoestehoje.com.br\/novoportal\/wp-json\/wp\/v2\/users\/2"}],"replies":[{"embeddable":true,"href":"https:\/\/www.sudoestehoje.com.br\/novoportal\/wp-json\/wp\/v2\/comments?post=58117"}],"version-history":[{"count":1,"href":"https:\/\/www.sudoestehoje.com.br\/novoportal\/wp-json\/wp\/v2\/posts\/58117\/revisions"}],"predecessor-version":[{"id":58119,"href":"https:\/\/www.sudoestehoje.com.br\/novoportal\/wp-json\/wp\/v2\/posts\/58117\/revisions\/58119"}],"wp:attachment":[{"href":"https:\/\/www.sudoestehoje.com.br\/novoportal\/wp-json\/wp\/v2\/media?parent=58117"}],"wp:term":[{"taxonomy":"category","embeddable":true,"href":"https:\/\/www.sudoestehoje.com.br\/novoportal\/wp-json\/wp\/v2\/categories?post=58117"},{"taxonomy":"post_tag","embeddable":true,"href":"https:\/\/www.sudoestehoje.com.br\/novoportal\/wp-json\/wp\/v2\/tags?post=58117"}],"curies":[{"name":"wp","href":"https:\/\/api.w.org\/{rel}","templated":true}]}}