
{"id":58113,"date":"2016-06-14T13:42:26","date_gmt":"2016-06-14T16:42:26","guid":{"rendered":"http:\/\/www.sudoestehoje.com.br\/novoportal\/?p=58113"},"modified":"2016-06-14T13:42:26","modified_gmt":"2016-06-14T16:42:26","slug":"itapetinga-com-5-meses-sem-receber-vita-ambiental-pode-parar-coleta-de-lixo","status":"publish","type":"post","link":"https:\/\/www.sudoestehoje.com.br\/novoportal\/2016\/06\/14\/itapetinga-com-5-meses-sem-receber-vita-ambiental-pode-parar-coleta-de-lixo\/","title":{"rendered":"ITAPETINGA: COM 5 MESES SEM RECEBER, VITA AMBIENTAL PODE PARAR COLETA DE LIXO"},"content":{"rendered":"<p><a href=\"http:\/\/www.sudoestehoje.com.br\/novoportal\/wp-content\/uploads\/2016\/06\/lixo.jpg\" rel=\"attachment wp-att-58114\"><img loading=\"lazy\" decoding=\"async\" class=\"aligncenter  wp-image-58114\" src=\"http:\/\/www.sudoestehoje.com.br\/novoportal\/wp-content\/uploads\/2016\/06\/lixo-500x284.jpg\" alt=\"lixo\" width=\"502\" height=\"285\" srcset=\"https:\/\/www.sudoestehoje.com.br\/novoportal\/wp-content\/uploads\/2016\/06\/lixo-500x284.jpg 500w, https:\/\/www.sudoestehoje.com.br\/novoportal\/wp-content\/uploads\/2016\/06\/lixo-768x436.jpg 768w, https:\/\/www.sudoestehoje.com.br\/novoportal\/wp-content\/uploads\/2016\/06\/lixo-700x398.jpg 700w, https:\/\/www.sudoestehoje.com.br\/novoportal\/wp-content\/uploads\/2016\/06\/lixo.jpg 1021w\" sizes=\"auto, (max-width: 502px) 100vw, 502px\" \/><\/a><\/p>\n<p>A parceria entre a prefeitura de Itapetinga e a Vita Ambiental, empresa terceirizada que faz com muita compet\u00eancia a coleta de lixo na cidade, est\u00e1 se deteriorando a cada dia. O principal motivo s\u00e3o os atrasos constantes nos repasses previstos no contrato, que j\u00e1 chega a 5 meses.<\/p>\n<p>De acordo com prepostos da Vita, um acordo foi firmado recentemente com o prefeito Z\u00e9 Carlos, que garantiu pagar parte dos atrasados at\u00e9 o dia 10 de junho, o que n\u00e3o foi cumprido. Segundo informa\u00e7\u00f5es, Z\u00e9 Carlos mandou pagar, mas o seu secret\u00e1rio Ricardo Dutra o desautorizou, alegando que n\u00e3o tem dinheiro para cumprir o que foi combinado.<\/p>\n<p>Diante desse impasse, n\u00e3o ser\u00e1 surpresa se a Vita Ambiental suspender o pagamento que vem fazendo aos seus empregados, com recursos pr\u00f3prios, precipitando uma paralisa\u00e7\u00e3o na coleta do lixo, o que seria um desastre para a cidade e mais um desgaste desnecess\u00e1rio para a administra\u00e7\u00e3o municipal.<\/p>\n<p>Os urubus j\u00e1 est\u00e3o de sobreaviso&#8230;<\/p>\n<p><strong><em>Por Davi Ferraz\u00a0<\/em><\/strong><\/p>\n<p><img decoding=\"async\" class=\"aligncenter\" src=\"http:\/\/www.sudoestehoje.com.br\/novoportal\/wp-content\/uploads\/2014\/07\/Feira-do-Lar-1.png\" alt=\"Feira-do-Lar (1)\" \/><\/p>\n","protected":false},"excerpt":{"rendered":"<p>A parceria entre a prefeitura de Itapetinga e a Vita Ambiental, empresa terceirizada que faz com muita compet\u00eancia a coleta de lixo na cidade, est\u00e1 se deteriorando a cada dia. O principal motivo s\u00e3o os atrasos constantes nos repasses previstos no contrato, que j\u00e1 chega a 5 meses. De acordo com prepostos da Vita, um [&hellip;]<\/p>\n","protected":false},"author":2,"featured_media":0,"comment_status":"open","ping_status":"open","sticky":false,"template":"","format":"standard","meta":{"footnotes":"","_links_to":"","_links_to_target":""},"categories":[1],"tags":[],"class_list":["post-58113","post","type-post","status-publish","format-standard","hentry","category-geral"],"views":2122,"_links":{"self":[{"href":"https:\/\/www.sudoestehoje.com.br\/novoportal\/wp-json\/wp\/v2\/posts\/58113","targetHints":{"allow":["GET"]}}],"collection":[{"href":"https:\/\/www.sudoestehoje.com.br\/novoportal\/wp-json\/wp\/v2\/posts"}],"about":[{"href":"https:\/\/www.sudoestehoje.com.br\/novoportal\/wp-json\/wp\/v2\/types\/post"}],"author":[{"embeddable":true,"href":"https:\/\/www.sudoestehoje.com.br\/novoportal\/wp-json\/wp\/v2\/users\/2"}],"replies":[{"embeddable":true,"href":"https:\/\/www.sudoestehoje.com.br\/novoportal\/wp-json\/wp\/v2\/comments?post=58113"}],"version-history":[{"count":2,"href":"https:\/\/www.sudoestehoje.com.br\/novoportal\/wp-json\/wp\/v2\/posts\/58113\/revisions"}],"predecessor-version":[{"id":58116,"href":"https:\/\/www.sudoestehoje.com.br\/novoportal\/wp-json\/wp\/v2\/posts\/58113\/revisions\/58116"}],"wp:attachment":[{"href":"https:\/\/www.sudoestehoje.com.br\/novoportal\/wp-json\/wp\/v2\/media?parent=58113"}],"wp:term":[{"taxonomy":"category","embeddable":true,"href":"https:\/\/www.sudoestehoje.com.br\/novoportal\/wp-json\/wp\/v2\/categories?post=58113"},{"taxonomy":"post_tag","embeddable":true,"href":"https:\/\/www.sudoestehoje.com.br\/novoportal\/wp-json\/wp\/v2\/tags?post=58113"}],"curies":[{"name":"wp","href":"https:\/\/api.w.org\/{rel}","templated":true}]}}