
{"id":581,"date":"2010-07-11T16:47:59","date_gmt":"2010-07-11T19:47:59","guid":{"rendered":"http:\/\/sudoestehoje.tempsite.ws\/novoportal\/?p=581"},"modified":"2010-09-22T16:48:25","modified_gmt":"2010-09-22T19:48:25","slug":"geddel-e-cesar-borges-nas-feiras-do-interior","status":"publish","type":"post","link":"https:\/\/www.sudoestehoje.com.br\/novoportal\/2010\/07\/11\/geddel-e-cesar-borges-nas-feiras-do-interior\/","title":{"rendered":"GEDDEL E C\u00c9SAR BORGES NAS FEIRAS DO INTERIOR"},"content":{"rendered":"<div><img loading=\"lazy\" decoding=\"async\" src=\"http:\/\/www.bahianoticias.com.br\/fotos\/editor\/Image\/CESAR_BORGES_GEDDEL_FEIRA_MACAJUBA.jpg\" border=\"0\" alt=\"\" width=\"350\" height=\"263\" \/><\/div>\n<div><\/div>\n<p>No  in\u00edcio das campanhas corpo-a-corpo das elei\u00e7\u00f5es deste ano, o candidato  peemedebista ao Governo do Estado, Geddel Vieira Lima, e seu concorrente  mais forte ao Senado, C\u00e9sar Borges (P) dispensaram cerim\u00f4nias de  recep\u00e7\u00e3o nas cidades de Macajuba e Baixa Grande e preferiram, neste  s\u00e1bado (10), encontrar o povo da regi\u00e3o nas feiras livres dos  respectivos munic\u00edpios. A comitiva foi bem recepcionada nos dois locais  e, diferentemente do que costuma acontecer, o candidato ao Senado, desta  vez, foi o nome a puxar o grupo \u00e0 frente, uma vez que j\u00e1 foi governador  e, por isso, \u00e9 mais conhecido na regi\u00e3o do piemonte da Chapada  Diamantina. V\u00e1rios prefeitos da regi\u00e3o acompanharam a visita do grupo,  que retornou a Salvador pela tarde. BN<\/p>\n","protected":false},"excerpt":{"rendered":"<p>No in\u00edcio das campanhas corpo-a-corpo das elei\u00e7\u00f5es deste ano, o candidato peemedebista ao Governo do Estado, Geddel Vieira Lima, e seu concorrente mais forte ao Senado, C\u00e9sar Borges (P) dispensaram cerim\u00f4nias de recep\u00e7\u00e3o nas cidades de Macajuba e Baixa Grande e preferiram, neste s\u00e1bado (10), encontrar o povo da regi\u00e3o nas feiras livres dos respectivos [&hellip;]<\/p>\n","protected":false},"author":1,"featured_media":0,"comment_status":"open","ping_status":"open","sticky":false,"template":"","format":"standard","meta":{"footnotes":"","_links_to":"","_links_to_target":""},"categories":[1],"tags":[],"class_list":["post-581","post","type-post","status-publish","format-standard","hentry","category-geral"],"views":1442,"_links":{"self":[{"href":"https:\/\/www.sudoestehoje.com.br\/novoportal\/wp-json\/wp\/v2\/posts\/581","targetHints":{"allow":["GET"]}}],"collection":[{"href":"https:\/\/www.sudoestehoje.com.br\/novoportal\/wp-json\/wp\/v2\/posts"}],"about":[{"href":"https:\/\/www.sudoestehoje.com.br\/novoportal\/wp-json\/wp\/v2\/types\/post"}],"author":[{"embeddable":true,"href":"https:\/\/www.sudoestehoje.com.br\/novoportal\/wp-json\/wp\/v2\/users\/1"}],"replies":[{"embeddable":true,"href":"https:\/\/www.sudoestehoje.com.br\/novoportal\/wp-json\/wp\/v2\/comments?post=581"}],"version-history":[{"count":1,"href":"https:\/\/www.sudoestehoje.com.br\/novoportal\/wp-json\/wp\/v2\/posts\/581\/revisions"}],"predecessor-version":[{"id":582,"href":"https:\/\/www.sudoestehoje.com.br\/novoportal\/wp-json\/wp\/v2\/posts\/581\/revisions\/582"}],"wp:attachment":[{"href":"https:\/\/www.sudoestehoje.com.br\/novoportal\/wp-json\/wp\/v2\/media?parent=581"}],"wp:term":[{"taxonomy":"category","embeddable":true,"href":"https:\/\/www.sudoestehoje.com.br\/novoportal\/wp-json\/wp\/v2\/categories?post=581"},{"taxonomy":"post_tag","embeddable":true,"href":"https:\/\/www.sudoestehoje.com.br\/novoportal\/wp-json\/wp\/v2\/tags?post=581"}],"curies":[{"name":"wp","href":"https:\/\/api.w.org\/{rel}","templated":true}]}}