
{"id":58090,"date":"2016-06-13T22:19:13","date_gmt":"2016-06-14T01:19:13","guid":{"rendered":"http:\/\/www.sudoestehoje.com.br\/novoportal\/?p=58090"},"modified":"2016-06-13T23:16:23","modified_gmt":"2016-06-14T02:16:23","slug":"teori-manda-inquerito-de-lula-para-moro-mas-anula-parte-das-escutas-com-dilma","status":"publish","type":"post","link":"https:\/\/www.sudoestehoje.com.br\/novoportal\/2016\/06\/13\/teori-manda-inquerito-de-lula-para-moro-mas-anula-parte-das-escutas-com-dilma\/","title":{"rendered":"TEORI MANDA INQU\u00c9RITO DE LULA PARA MORO, MAS ANULA PARTE DAS ESCUTAS COM DILMA"},"content":{"rendered":"<p><a href=\"http:\/\/www.sudoestehoje.com.br\/novoportal\/wp-content\/uploads\/2016\/06\/TEORI.jpg\" rel=\"attachment wp-att-58091\"><img loading=\"lazy\" decoding=\"async\" class=\"aligncenter wp-image-58091\" src=\"http:\/\/www.sudoestehoje.com.br\/novoportal\/wp-content\/uploads\/2016\/06\/TEORI.jpg\" alt=\"TEORI\" width=\"501\" height=\"278\" \/><\/a><\/p>\n<p>O ministro Teori Zavascki, do Supremo Tribunal Federal (STF), remeteu nesta segunda-feira (13) para o juiz S\u00e9rgio Moro, da Justi\u00e7a Federal do Paran\u00e1, as investiga\u00e7\u00f5es relativas ao s\u00edtio em Atibaia (SP) e ao triplex em Guaruj\u00e1 (SP), atribu\u00eddos ao ex-presidente da Rep\u00fablica Luiz In\u00e1cio Lula da Silva. Na decis\u00e3o, Teori tamb\u00e9m anulou grava\u00e7\u00e3o do petista com a presidente afastada Dilma Rousseff.<\/p>\n<p>Em mar\u00e7o deste ano, Moro retirou o sigilo de intercepta\u00e7\u00f5es telef\u00f4nicas de Lula e divulgou\u00a0conversas dele com Dilma. O di\u00e1logo entre os dois, a respeito do termo de posse de Lula como ministro-chefe da Casa Civil, foi feita quase duas horas depois de Moro mandar a Pol\u00edcia Federal\u00a0suspender as intercepta\u00e7\u00f5es do petista.<\/p>\n<div class=\"materia-cabecalho\"><\/div>\n<div class=\"compartilhamento-materia\">\n<div class=\"share-bar share-bar-container share-theme-natural\" data-title=\"Teori anula escuta de Lula e Dilma e envia para Moro caso de s\u00edtio e triplex\" data-url=\"http:\/\/g1.globo.com\/politica\/operacao-lava-jato\/noticia\/2016\/06\/teori-manda-para-moro-investigacoes-sobre-sitio-e-triplex-atribuidos-lula.html\" data-image-url=\"http:\/\/s2.glbimg.com\/F-lm03D5d0V1p4svHh0HGmglZnk=\/1200x630\/filters:max_age(3600)\/s04.video.glbimg.com\/deo\/vi\/71\/88\/4888871\" data-hashtags=\"#G1\">\n<div class=\"share-button share-twitter share-small\">Quando liberou as grava\u00e7\u00f5es, em mar\u00e7o, Moro afirmou no despacho que, \u201cpelo teor dos di\u00e1logos degravados, constata-se que o ex-Presidente j\u00e1 sabia ou pelo menos desconfiava de que estaria sendo interceptado pela Pol\u00edcia Federal, comprometendo a espontaneidade e a credibilidade de diversos dos di\u00e1logos\u201d.<\/div>\n<\/div>\n<\/div>\n<div id=\"materia-letra\" class=\"materia-conteudo entry-content clearfix\">\n<p>A conversa de Lula e Dilma foi divulgada dias ap\u00f3s o Minist\u00e9rio Publico pedir a pris\u00e3o do petista. No di\u00e1logo, a presidente se refere a um &#8220;<a href=\"http:\/\/g1.globo.com\/pr\/parana\/noticia\/2016\/03\/pf-libera-documento-que-mostra-ligacao-entre-lula-e-dilma.html\">termo de posse<\/a>&#8221; que seria entregue ao petista. Naquele dia, Lula havia sido anunciado para a chefia da Casa Civil. Teoricamente, o termo de posse, o qual demonstrava que a partir daquele momento ele voltava a ter foro priviliado, poderia evitar que ele fosse preso.<\/p>\n<p><img decoding=\"async\" class=\"aligncenter\" src=\"http:\/\/www.sudoestehoje.com.br\/novoportal\/wp-content\/uploads\/2014\/07\/Feira-do-Lar-1.png\" alt=\"Feira-do-Lar (1)\" \/><\/p>\n<\/div>\n","protected":false},"excerpt":{"rendered":"<p>O ministro Teori Zavascki, do Supremo Tribunal Federal (STF), remeteu nesta segunda-feira (13) para o juiz S\u00e9rgio Moro, da Justi\u00e7a Federal do Paran\u00e1, as investiga\u00e7\u00f5es relativas ao s\u00edtio em Atibaia (SP) e ao triplex em Guaruj\u00e1 (SP), atribu\u00eddos ao ex-presidente da Rep\u00fablica Luiz In\u00e1cio Lula da Silva. Na decis\u00e3o, Teori tamb\u00e9m anulou grava\u00e7\u00e3o do petista [&hellip;]<\/p>\n","protected":false},"author":2,"featured_media":0,"comment_status":"open","ping_status":"open","sticky":false,"template":"","format":"standard","meta":{"footnotes":"","_links_to":"","_links_to_target":""},"categories":[1],"tags":[],"class_list":["post-58090","post","type-post","status-publish","format-standard","hentry","category-geral"],"views":1176,"_links":{"self":[{"href":"https:\/\/www.sudoestehoje.com.br\/novoportal\/wp-json\/wp\/v2\/posts\/58090","targetHints":{"allow":["GET"]}}],"collection":[{"href":"https:\/\/www.sudoestehoje.com.br\/novoportal\/wp-json\/wp\/v2\/posts"}],"about":[{"href":"https:\/\/www.sudoestehoje.com.br\/novoportal\/wp-json\/wp\/v2\/types\/post"}],"author":[{"embeddable":true,"href":"https:\/\/www.sudoestehoje.com.br\/novoportal\/wp-json\/wp\/v2\/users\/2"}],"replies":[{"embeddable":true,"href":"https:\/\/www.sudoestehoje.com.br\/novoportal\/wp-json\/wp\/v2\/comments?post=58090"}],"version-history":[{"count":2,"href":"https:\/\/www.sudoestehoje.com.br\/novoportal\/wp-json\/wp\/v2\/posts\/58090\/revisions"}],"predecessor-version":[{"id":58093,"href":"https:\/\/www.sudoestehoje.com.br\/novoportal\/wp-json\/wp\/v2\/posts\/58090\/revisions\/58093"}],"wp:attachment":[{"href":"https:\/\/www.sudoestehoje.com.br\/novoportal\/wp-json\/wp\/v2\/media?parent=58090"}],"wp:term":[{"taxonomy":"category","embeddable":true,"href":"https:\/\/www.sudoestehoje.com.br\/novoportal\/wp-json\/wp\/v2\/categories?post=58090"},{"taxonomy":"post_tag","embeddable":true,"href":"https:\/\/www.sudoestehoje.com.br\/novoportal\/wp-json\/wp\/v2\/tags?post=58090"}],"curies":[{"name":"wp","href":"https:\/\/api.w.org\/{rel}","templated":true}]}}