
{"id":58055,"date":"2016-06-11T22:44:23","date_gmt":"2016-06-12T01:44:23","guid":{"rendered":"http:\/\/www.sudoestehoje.com.br\/novoportal\/?p=58055"},"modified":"2016-06-11T22:44:23","modified_gmt":"2016-06-12T01:44:23","slug":"ze-elias-eleitores-preferem-a-oposicao-mas-estao-divididos-na-escolha-do-nome","status":"publish","type":"post","link":"https:\/\/www.sudoestehoje.com.br\/novoportal\/2016\/06\/11\/ze-elias-eleitores-preferem-a-oposicao-mas-estao-divididos-na-escolha-do-nome\/","title":{"rendered":"Z\u00c9 ELIAS &#8220;ELEITORES PREFEREM A OPOSI\u00c7\u00c3O, MAS EST\u00c3O DIVIDIDOS NA ESCOLHA DO NOME&#8221;"},"content":{"rendered":"<p><a href=\"http:\/\/www.sudoestehoje.com.br\/novoportal\/wp-content\/uploads\/2016\/05\/jose-elias-1.jpg\" rel=\"attachment wp-att-57818\"><img loading=\"lazy\" decoding=\"async\" class=\"size-full wp-image-57818 alignleft\" src=\"http:\/\/www.sudoestehoje.com.br\/novoportal\/wp-content\/uploads\/2016\/05\/jose-elias-1.jpg\" alt=\"jose elias\" width=\"190\" height=\"193\" \/><\/a><\/p>\n<p>Assim como na elei\u00e7\u00e3o anterior, caminhamos para lan\u00e7amento de tr\u00eas candidaturas. Uma chapa da uni\u00e3o DEM, PMDB, outra liderada por Al\u00e9cio, ambas disputando os eleitores de oposi\u00e7\u00e3o, e um candidato apoiado pelo grupo que det\u00e9m o governo municipal.<\/p>\n<p>Se confirmado este cen\u00e1rio, estaremos assistindo novamente o mesmo filme da elei\u00e7\u00e3o passada, com eleitores que querem votar na oposi\u00e7\u00e3o divididos pela necessidade de escolher um nome.<\/p>\n<p>Poucas vezes assisti uma dificuldade t\u00e3o grande para defini\u00e7\u00e3o de um nome minimamente consensual. O discurso de que \u00e9 preciso remover o grupo que comanda Itapetinga e que \u00e9 preciso renovar as lideran\u00e7as politicas, perde for\u00e7a, quando vemos a intransig\u00eancia se instalar nas negocia\u00e7\u00f5es partid\u00e1rias e projetos pessoais serem confundidos com projetos de interesse da comunidade.<\/p>\n<p>Do ponto de vista do eleitor que se coloca no campo oposicionista, pouco importa quem ser\u00e1 o futuro prefeito, por mais que existam preferencias pessoais por Rodrigo, Renan, Adriano ou Al\u00e9cio. O eleitor oposicionista quer derrotar o grupo que est\u00e1 no poder h\u00e1 oito anos.<\/p>\n<p>\u00c9 natural que correligion\u00e1rios e apoiadores se esforcem para viabilizar o candidato de sua predile\u00e7\u00e3o, mas, temos assistido um verdadeiro show de intoler\u00e2ncia por parte de militantes que querem apoio e ajuda, no entanto se recusam a apoiar e ajudar, se o candidato n\u00e3o for o seu.<\/p>\n<p>Imaginemos o seguinte cen\u00e1rio: Rodrigo e Renan em uma chapa e Al\u00e9cio e Adriano em outra, quem lucra com isto? Resposta: o prefeito, se estiver realmente empenhado em fazer o sucessor.<\/p>\n<p><strong><em>Por Jos\u00e9 Elias Ribeiro<br \/>\n<\/em><\/strong><\/p>\n","protected":false},"excerpt":{"rendered":"<p>Assim como na elei\u00e7\u00e3o anterior, caminhamos para lan\u00e7amento de tr\u00eas candidaturas. Uma chapa da uni\u00e3o DEM, PMDB, outra liderada por Al\u00e9cio, ambas disputando os eleitores de oposi\u00e7\u00e3o, e um candidato apoiado pelo grupo que det\u00e9m o governo municipal. Se confirmado este cen\u00e1rio, estaremos assistindo novamente o mesmo filme da elei\u00e7\u00e3o passada, com eleitores que querem [&hellip;]<\/p>\n","protected":false},"author":2,"featured_media":0,"comment_status":"open","ping_status":"open","sticky":false,"template":"","format":"standard","meta":{"footnotes":"","_links_to":"","_links_to_target":""},"categories":[1],"tags":[],"class_list":["post-58055","post","type-post","status-publish","format-standard","hentry","category-geral"],"views":1523,"_links":{"self":[{"href":"https:\/\/www.sudoestehoje.com.br\/novoportal\/wp-json\/wp\/v2\/posts\/58055","targetHints":{"allow":["GET"]}}],"collection":[{"href":"https:\/\/www.sudoestehoje.com.br\/novoportal\/wp-json\/wp\/v2\/posts"}],"about":[{"href":"https:\/\/www.sudoestehoje.com.br\/novoportal\/wp-json\/wp\/v2\/types\/post"}],"author":[{"embeddable":true,"href":"https:\/\/www.sudoestehoje.com.br\/novoportal\/wp-json\/wp\/v2\/users\/2"}],"replies":[{"embeddable":true,"href":"https:\/\/www.sudoestehoje.com.br\/novoportal\/wp-json\/wp\/v2\/comments?post=58055"}],"version-history":[{"count":3,"href":"https:\/\/www.sudoestehoje.com.br\/novoportal\/wp-json\/wp\/v2\/posts\/58055\/revisions"}],"predecessor-version":[{"id":58058,"href":"https:\/\/www.sudoestehoje.com.br\/novoportal\/wp-json\/wp\/v2\/posts\/58055\/revisions\/58058"}],"wp:attachment":[{"href":"https:\/\/www.sudoestehoje.com.br\/novoportal\/wp-json\/wp\/v2\/media?parent=58055"}],"wp:term":[{"taxonomy":"category","embeddable":true,"href":"https:\/\/www.sudoestehoje.com.br\/novoportal\/wp-json\/wp\/v2\/categories?post=58055"},{"taxonomy":"post_tag","embeddable":true,"href":"https:\/\/www.sudoestehoje.com.br\/novoportal\/wp-json\/wp\/v2\/tags?post=58055"}],"curies":[{"name":"wp","href":"https:\/\/api.w.org\/{rel}","templated":true}]}}