
{"id":58038,"date":"2016-06-09T17:25:33","date_gmt":"2016-06-09T20:25:33","guid":{"rendered":"http:\/\/www.sudoestehoje.com.br\/novoportal\/?p=58038"},"modified":"2016-06-09T17:25:33","modified_gmt":"2016-06-09T20:25:33","slug":"lava-jato-stf-encaminha-pedido-de-inquerito-contra-wagner-para-moro","status":"publish","type":"post","link":"https:\/\/www.sudoestehoje.com.br\/novoportal\/2016\/06\/09\/lava-jato-stf-encaminha-pedido-de-inquerito-contra-wagner-para-moro\/","title":{"rendered":"LAVA JATO: STF ENCAMINHA PEDIDO DE INQU\u00c9RITO CONTRA WAGNER PARA MORO"},"content":{"rendered":"<p><a href=\"http:\/\/www.sudoestehoje.com.br\/novoportal\/wp-content\/uploads\/2016\/06\/galego.jpg\" rel=\"attachment wp-att-58039\"><img loading=\"lazy\" decoding=\"async\" class=\"size-medium wp-image-58039\" src=\"http:\/\/www.sudoestehoje.com.br\/novoportal\/wp-content\/uploads\/2016\/06\/galego-500x350.jpg\" alt=\"COLETIVA MINISTROS\" width=\"500\" height=\"350\" srcset=\"https:\/\/www.sudoestehoje.com.br\/novoportal\/wp-content\/uploads\/2016\/06\/galego-500x350.jpg 500w, https:\/\/www.sudoestehoje.com.br\/novoportal\/wp-content\/uploads\/2016\/06\/galego.jpg 600w\" sizes=\"auto, (max-width: 500px) 100vw, 500px\" \/><\/a><\/p>\n<p>O Supremo Tribunal Federal (STF) enviou para o juiz S\u00e9rgio Moro o pedido de abertura de inqu\u00e9rito feito pela Procuradoria-Geral da Rep\u00fablica (PGR) para investigar o ex-ministro Jaques Wagner, que ocupou a Casa Civil do governo Dilma.<\/p>\n<p>A decis\u00e3o foi tomada pelo ministro Celso de Mello, que era relator do caso. Ele\u00a0atendeu ao pedido feito pelo procurador-geral da Rep\u00fablica, Rodrigo Janot, uma vez que o petista\u00a0n\u00e3o conta mais com o foro privilegiado desde\u00a0o afastamento de Dilma Rousseff da Presid\u00eancia\u00a0e\u00a0n\u00e3o precisa mais ser investigado com aval do STF.<\/p>\n<p>\u201cOcorre que Jaques Wagner foi exonerado do cargo que ocupava, n\u00e3o exercendo, no momento, nenhuma fun\u00e7\u00e3o sujeita \u00e0 jurisdi\u00e7\u00e3o penal do STF. Deve o feito, portanto, ser submetido ao conhecimento da 13\u00aa Vara da Justi\u00e7a Federal no Paran\u00e1 [Moro], inclusive para verificar a conex\u00e3o entre os fatos aqui narrados e aqueles imbricados no complexo investigativo denominado Opera\u00e7\u00e3o Lava Jato e para adotar as provid\u00eancias que entender cab\u00edveis sobre os fatos aqui expostos\u201d, escreveu o procurador.<\/p>\n<p>A decis\u00e3o do ministro n\u00e3o faz refer\u00eancia \u00e0 linha de investiga\u00e7\u00e3o requerida pelo procurador-geral para o caso.<\/p>\n<p><strong>Dela\u00e7\u00e3o<\/strong> \u2013\u00a0O ex-diretor da Petrobras Nestor Cerver\u00f3 afirmou em dela\u00e7\u00e3o premiada que a campanha de Wagner para o governo da Bahia em 2006 recebeu recursos da comercializa\u00e7\u00e3o de petr\u00f3leos e derivados no mercado internacional por interm\u00e9dio do ex-presidente da estatal Jos\u00e9 S\u00e9rgio Gabrielli, amigo do petista.<\/p>\n<p>Ele afirmou que o ex-chefe do Executivo baiano\u00a0\u201cteve participa\u00e7\u00e3o decisiva na indica\u00e7\u00e3o de Gabrielli para a presid\u00eancia da Petrobras\u201d. \u201cAmbos integravam a chamada \u2018Rep\u00fablica dos Caranguejos\u2019, ao lado de Marcelo D\u00e9da (governador de Sergipe, morto em 2013) e Humberto Costa (senador de Pernambuco)\u201d, todos do PT.<\/p>\n","protected":false},"excerpt":{"rendered":"<p>O Supremo Tribunal Federal (STF) enviou para o juiz S\u00e9rgio Moro o pedido de abertura de inqu\u00e9rito feito pela Procuradoria-Geral da Rep\u00fablica (PGR) para investigar o ex-ministro Jaques Wagner, que ocupou a Casa Civil do governo Dilma. A decis\u00e3o foi tomada pelo ministro Celso de Mello, que era relator do caso. Ele\u00a0atendeu ao pedido feito [&hellip;]<\/p>\n","protected":false},"author":2,"featured_media":0,"comment_status":"open","ping_status":"open","sticky":false,"template":"","format":"standard","meta":{"footnotes":"","_links_to":"","_links_to_target":""},"categories":[1],"tags":[],"class_list":["post-58038","post","type-post","status-publish","format-standard","hentry","category-geral"],"views":1295,"_links":{"self":[{"href":"https:\/\/www.sudoestehoje.com.br\/novoportal\/wp-json\/wp\/v2\/posts\/58038","targetHints":{"allow":["GET"]}}],"collection":[{"href":"https:\/\/www.sudoestehoje.com.br\/novoportal\/wp-json\/wp\/v2\/posts"}],"about":[{"href":"https:\/\/www.sudoestehoje.com.br\/novoportal\/wp-json\/wp\/v2\/types\/post"}],"author":[{"embeddable":true,"href":"https:\/\/www.sudoestehoje.com.br\/novoportal\/wp-json\/wp\/v2\/users\/2"}],"replies":[{"embeddable":true,"href":"https:\/\/www.sudoestehoje.com.br\/novoportal\/wp-json\/wp\/v2\/comments?post=58038"}],"version-history":[{"count":1,"href":"https:\/\/www.sudoestehoje.com.br\/novoportal\/wp-json\/wp\/v2\/posts\/58038\/revisions"}],"predecessor-version":[{"id":58040,"href":"https:\/\/www.sudoestehoje.com.br\/novoportal\/wp-json\/wp\/v2\/posts\/58038\/revisions\/58040"}],"wp:attachment":[{"href":"https:\/\/www.sudoestehoje.com.br\/novoportal\/wp-json\/wp\/v2\/media?parent=58038"}],"wp:term":[{"taxonomy":"category","embeddable":true,"href":"https:\/\/www.sudoestehoje.com.br\/novoportal\/wp-json\/wp\/v2\/categories?post=58038"},{"taxonomy":"post_tag","embeddable":true,"href":"https:\/\/www.sudoestehoje.com.br\/novoportal\/wp-json\/wp\/v2\/tags?post=58038"}],"curies":[{"name":"wp","href":"https:\/\/api.w.org\/{rel}","templated":true}]}}