
{"id":58022,"date":"2016-06-08T18:48:00","date_gmt":"2016-06-08T21:48:00","guid":{"rendered":"http:\/\/www.sudoestehoje.com.br\/novoportal\/?p=58022"},"modified":"2016-06-08T18:48:00","modified_gmt":"2016-06-08T21:48:00","slug":"eleicoes-adriano-se-aproxima-de-alecio-sonhando-ser-cabeca-de-chapa","status":"publish","type":"post","link":"https:\/\/www.sudoestehoje.com.br\/novoportal\/2016\/06\/08\/eleicoes-adriano-se-aproxima-de-alecio-sonhando-ser-cabeca-de-chapa\/","title":{"rendered":"ELEI\u00c7\u00d5ES: ADRIANO SE APROXIMA DE AL\u00c9CIO SONHANDO SER CABE\u00c7A DE CHAPA"},"content":{"rendered":"<p><a href=\"http:\/\/www.sudoestehoje.com.br\/novoportal\/wp-content\/uploads\/2016\/06\/adriano-al\u00e9cio-prefeitura-2-.jpg\" rel=\"attachment wp-att-58023\"><img loading=\"lazy\" decoding=\"async\" class=\"aligncenter size-medium wp-image-58023\" src=\"http:\/\/www.sudoestehoje.com.br\/novoportal\/wp-content\/uploads\/2016\/06\/adriano-al\u00e9cio-prefeitura-2--500x375.jpg\" alt=\"adriano-al\u00e9cio-prefeitura-2-\" width=\"500\" height=\"375\" srcset=\"https:\/\/www.sudoestehoje.com.br\/novoportal\/wp-content\/uploads\/2016\/06\/adriano-al\u00e9cio-prefeitura-2--500x375.jpg 500w, https:\/\/www.sudoestehoje.com.br\/novoportal\/wp-content\/uploads\/2016\/06\/adriano-al\u00e9cio-prefeitura-2-.jpg 640w\" sizes=\"auto, (max-width: 500px) 100vw, 500px\" \/><\/a><\/p>\n<p>Desgastado no grupo das oposi\u00e7\u00f5es, por n\u00e3o aceitar o crit\u00e9rio de forma\u00e7\u00e3o da chapa majorit\u00e1ria atrav\u00e9s de pesquisa, o pr\u00e9-candidato tucano Adriano Alc\u00e2ntara vem ensaiando uma aproxima\u00e7\u00e3o ao grupo do vice-prefeito Al\u00e9cio Chaves (PSD), pr\u00e9-candidato consolidado a prefeito e l\u00edder em todas as amostragens at\u00e9 agora realizadas.<\/p>\n<p>Na sexta-feira passada, Adriano ligou para o vereador Alfredo Cabral e solicitou uma conversa urgente, o que acabou acontecendo no dia seguinte, logo pela manh\u00e3, no escrit\u00f3rio de Alfredo.<\/p>\n<p>Na conversa, segundo fontes ligadas ao grupo de Al\u00e9cio, foram discutidos assuntos gen\u00e9ricos, mas ficou aberta a possibilidade de uma composi\u00e7\u00e3o entre os dois grupos, coisa a ser tratada em reuni\u00f5es posteriores.<\/p>\n<p>Animados, os ferrenhos e exaltados defensores da candidatura de Adriano Alc\u00e2ntara passaram a alimentar a esperan\u00e7a de Al\u00e9cio vir abrir m\u00e3o da candidatura a prefeito, em favor do &#8216;chegante&#8217; Adriano, coisa sem p\u00e9 nem cabe\u00e7a.<\/p>\n<p>Assim que a conversa se espalhou pelos meios pol\u00edticos e populares, a rea\u00e7\u00e3o dos &#8216;alecistas&#8217; foi imediata e contundente, afastando qualquer possibilidade disto vir a acontecer, at\u00e9 porque o nome de Al\u00e9cio lidera todas as pesquisas, enquanto Adriano aparece entre os \u00faltimos colocados.<\/p>\n<p>Outro fator importante que est\u00e1 sendo avaliado, \u00e9 o impacto que uma uni\u00e3o entre uma candidatura popular como a de Al\u00e9cio, com um grupo de elite, poder\u00e1 causar junto ao desconfiado eleitorado.<\/p>\n<p>Mas, segundo o pr\u00f3prio Al\u00e9cio, a vaga de vice est\u00e1 franqueada a Adriano e quaisquer outros outros pretendentes, que fa\u00e7am jus.<\/p>\n<p><strong><em>Por Davi Ferraz\u00a0<\/em><\/strong><\/p>\n","protected":false},"excerpt":{"rendered":"<p>Desgastado no grupo das oposi\u00e7\u00f5es, por n\u00e3o aceitar o crit\u00e9rio de forma\u00e7\u00e3o da chapa majorit\u00e1ria atrav\u00e9s de pesquisa, o pr\u00e9-candidato tucano Adriano Alc\u00e2ntara vem ensaiando uma aproxima\u00e7\u00e3o ao grupo do vice-prefeito Al\u00e9cio Chaves (PSD), pr\u00e9-candidato consolidado a prefeito e l\u00edder em todas as amostragens at\u00e9 agora realizadas. Na sexta-feira passada, Adriano ligou para o vereador [&hellip;]<\/p>\n","protected":false},"author":2,"featured_media":0,"comment_status":"open","ping_status":"open","sticky":false,"template":"","format":"standard","meta":{"footnotes":"","_links_to":"","_links_to_target":""},"categories":[1],"tags":[],"class_list":["post-58022","post","type-post","status-publish","format-standard","hentry","category-geral"],"views":1904,"_links":{"self":[{"href":"https:\/\/www.sudoestehoje.com.br\/novoportal\/wp-json\/wp\/v2\/posts\/58022","targetHints":{"allow":["GET"]}}],"collection":[{"href":"https:\/\/www.sudoestehoje.com.br\/novoportal\/wp-json\/wp\/v2\/posts"}],"about":[{"href":"https:\/\/www.sudoestehoje.com.br\/novoportal\/wp-json\/wp\/v2\/types\/post"}],"author":[{"embeddable":true,"href":"https:\/\/www.sudoestehoje.com.br\/novoportal\/wp-json\/wp\/v2\/users\/2"}],"replies":[{"embeddable":true,"href":"https:\/\/www.sudoestehoje.com.br\/novoportal\/wp-json\/wp\/v2\/comments?post=58022"}],"version-history":[{"count":2,"href":"https:\/\/www.sudoestehoje.com.br\/novoportal\/wp-json\/wp\/v2\/posts\/58022\/revisions"}],"predecessor-version":[{"id":58025,"href":"https:\/\/www.sudoestehoje.com.br\/novoportal\/wp-json\/wp\/v2\/posts\/58022\/revisions\/58025"}],"wp:attachment":[{"href":"https:\/\/www.sudoestehoje.com.br\/novoportal\/wp-json\/wp\/v2\/media?parent=58022"}],"wp:term":[{"taxonomy":"category","embeddable":true,"href":"https:\/\/www.sudoestehoje.com.br\/novoportal\/wp-json\/wp\/v2\/categories?post=58022"},{"taxonomy":"post_tag","embeddable":true,"href":"https:\/\/www.sudoestehoje.com.br\/novoportal\/wp-json\/wp\/v2\/tags?post=58022"}],"curies":[{"name":"wp","href":"https:\/\/api.w.org\/{rel}","templated":true}]}}