
{"id":58006,"date":"2016-06-07T21:11:40","date_gmt":"2016-06-08T00:11:40","guid":{"rendered":"http:\/\/www.sudoestehoje.com.br\/novoportal\/?p=58006"},"modified":"2016-06-07T21:11:40","modified_gmt":"2016-06-08T00:11:40","slug":"itapetinga-ze-carlos-tentara-efeito-suspensivo-para-nao-perder-o-cargo-de-prefeito-para-alecio","status":"publish","type":"post","link":"https:\/\/www.sudoestehoje.com.br\/novoportal\/2016\/06\/07\/itapetinga-ze-carlos-tentara-efeito-suspensivo-para-nao-perder-o-cargo-de-prefeito-para-alecio\/","title":{"rendered":"ITAPETINGA: Z\u00c9 CARLOS TENTAR\u00c1 EFEITO SUSPENSIVO PARA N\u00c3O PERDER O CARGO DE PREFEITO PARA AL\u00c9CIO"},"content":{"rendered":"<p><a href=\"http:\/\/www.sudoestehoje.com.br\/novoportal\/wp-content\/uploads\/2016\/06\/z\u00e9-carlos-moura.jpg\" rel=\"attachment wp-att-58009\"><img loading=\"lazy\" decoding=\"async\" class=\"aligncenter  wp-image-58009\" src=\"http:\/\/www.sudoestehoje.com.br\/novoportal\/wp-content\/uploads\/2016\/06\/z\u00e9-carlos-moura-500x271.jpg\" alt=\"z\u00e9-carlos-moura\" width=\"500\" height=\"271\" \/><\/a><\/p>\n<p>A decis\u00e3o da Justi\u00e7a Federal que condenou o prefeito de Itapetinga, Jos\u00e9 Carlos Moura (PT), \u00e0 perda da fun\u00e7\u00e3o p\u00fablica, caiu como uma bomba no colo do j\u00e1 complicado chefe do executivo, e pode gerar desdobramentos imprevis\u00edveis na pol\u00edtica local, caso Z\u00e9 Carlos n\u00e3o consiga, na sua apela\u00e7\u00e3o, uma medida de efeito suspensivo \u00e0 decis\u00e3o de primeira inst\u00e2ncia.<\/p>\n<p>De acordo com a senten\u00e7a do juiz federal, Z\u00e9 Carlos est\u00e1 tecnicamente cassado do cargo de prefeito, podendo ser afastado do cago, se n\u00e3o obtiver sucesso no recurso a ser impetrado no TRF, sendo obrigado a deixar o cargo.<\/p>\n<p>Se n\u00e3o &#8216;arrancar&#8217; o efeito suspensivo, assume imediatamente o vice-prefeito Al\u00e9cio Chaves (PSD), rompido politicamente com Z\u00e9 Carlos, desde o ano passado, durante os 72 dias em que governou interinamente o munic\u00edpio.<\/p>\n<p>Sem nenhum envolvimento no processo, Al\u00e9cio aguarda de camarote a decis\u00e3o da justi\u00e7a, para dar o bote final.<\/p>\n<p>Que sina a de Z\u00e9 Carlos&#8230;<\/p>\n<p><strong><em>Por Davi Ferraz<\/em><\/strong><\/p>\n","protected":false},"excerpt":{"rendered":"<p>A decis\u00e3o da Justi\u00e7a Federal que condenou o prefeito de Itapetinga, Jos\u00e9 Carlos Moura (PT), \u00e0 perda da fun\u00e7\u00e3o p\u00fablica, caiu como uma bomba no colo do j\u00e1 complicado chefe do executivo, e pode gerar desdobramentos imprevis\u00edveis na pol\u00edtica local, caso Z\u00e9 Carlos n\u00e3o consiga, na sua apela\u00e7\u00e3o, uma medida de efeito suspensivo \u00e0 decis\u00e3o [&hellip;]<\/p>\n","protected":false},"author":2,"featured_media":0,"comment_status":"open","ping_status":"open","sticky":false,"template":"","format":"standard","meta":{"footnotes":"","_links_to":"","_links_to_target":""},"categories":[1],"tags":[],"class_list":["post-58006","post","type-post","status-publish","format-standard","hentry","category-geral"],"views":1919,"_links":{"self":[{"href":"https:\/\/www.sudoestehoje.com.br\/novoportal\/wp-json\/wp\/v2\/posts\/58006","targetHints":{"allow":["GET"]}}],"collection":[{"href":"https:\/\/www.sudoestehoje.com.br\/novoportal\/wp-json\/wp\/v2\/posts"}],"about":[{"href":"https:\/\/www.sudoestehoje.com.br\/novoportal\/wp-json\/wp\/v2\/types\/post"}],"author":[{"embeddable":true,"href":"https:\/\/www.sudoestehoje.com.br\/novoportal\/wp-json\/wp\/v2\/users\/2"}],"replies":[{"embeddable":true,"href":"https:\/\/www.sudoestehoje.com.br\/novoportal\/wp-json\/wp\/v2\/comments?post=58006"}],"version-history":[{"count":2,"href":"https:\/\/www.sudoestehoje.com.br\/novoportal\/wp-json\/wp\/v2\/posts\/58006\/revisions"}],"predecessor-version":[{"id":58010,"href":"https:\/\/www.sudoestehoje.com.br\/novoportal\/wp-json\/wp\/v2\/posts\/58006\/revisions\/58010"}],"wp:attachment":[{"href":"https:\/\/www.sudoestehoje.com.br\/novoportal\/wp-json\/wp\/v2\/media?parent=58006"}],"wp:term":[{"taxonomy":"category","embeddable":true,"href":"https:\/\/www.sudoestehoje.com.br\/novoportal\/wp-json\/wp\/v2\/categories?post=58006"},{"taxonomy":"post_tag","embeddable":true,"href":"https:\/\/www.sudoestehoje.com.br\/novoportal\/wp-json\/wp\/v2\/tags?post=58006"}],"curies":[{"name":"wp","href":"https:\/\/api.w.org\/{rel}","templated":true}]}}