
{"id":57993,"date":"2016-06-07T08:38:25","date_gmt":"2016-06-07T11:38:25","guid":{"rendered":"http:\/\/www.sudoestehoje.com.br\/novoportal\/?p=57993"},"modified":"2016-06-07T08:43:12","modified_gmt":"2016-06-07T11:43:12","slug":"procurador-rodrigo-janot-pediu-a-prisao-de-renan-calheiros-sarney-juca-e-cunha","status":"publish","type":"post","link":"https:\/\/www.sudoestehoje.com.br\/novoportal\/2016\/06\/07\/procurador-rodrigo-janot-pediu-a-prisao-de-renan-calheiros-sarney-juca-e-cunha\/","title":{"rendered":"PROCURADOR RODRIGO JANOT PEDIU A PRIS\u00c3O DE RENAN CALHEIROS, SARNEY, JUC\u00c1 E CUNHA"},"content":{"rendered":"<p><a href=\"http:\/\/www.sudoestehoje.com.br\/novoportal\/wp-content\/uploads\/2016\/06\/sarney-juca-renan.jpg\" rel=\"attachment wp-att-57995\"><img loading=\"lazy\" decoding=\"async\" class=\"aligncenter size-medium wp-image-57995\" src=\"http:\/\/www.sudoestehoje.com.br\/novoportal\/wp-content\/uploads\/2016\/06\/sarney-juca-renan-500x300.jpg\" alt=\"sarney-juca-renan\" width=\"500\" height=\"300\" srcset=\"https:\/\/www.sudoestehoje.com.br\/novoportal\/wp-content\/uploads\/2016\/06\/sarney-juca-renan-500x300.jpg 500w, https:\/\/www.sudoestehoje.com.br\/novoportal\/wp-content\/uploads\/2016\/06\/sarney-juca-renan.jpg 699w\" sizes=\"auto, (max-width: 500px) 100vw, 500px\" \/><\/a><\/p>\n<p>O procurador-geral da Rep\u00fablica, Rodrigo Janot, pediu a pris\u00e3o do presidente do Senado, Renan Calheiros (PMDB-AL), do senador Romero Juc\u00e1 (PMDB-RR), e do ex-presidente da Rep\u00fablica, Jos\u00e9 Sarney, de acordo com reportagem desta ter\u00e7a-feira (7) do jornal &#8220;O Globo&#8221;. A TV Globo confirmou a informa\u00e7\u00e3o.<\/p>\n<p>De acordo com o jornal, o procurador-geral pede a pris\u00e3o dos tr\u00eas por suspeita de eles estarem obstruindo as investiga\u00e7\u00f5es da Opera\u00e7\u00e3o Lava Jato. A reportagem diz tamb\u00e9m que os pedidos de pris\u00e3o est\u00e3o com o ministro do Supremo Tribunal Federal Teori Zavascki, relator da Lava Jato no tribunal, h\u00e1 pelo menos uma semana.<\/p>\n<p>&#8216;O Globo&#8217; afirma que Janot pediu tamb\u00e9m o afastamento de Renan da presid\u00eancia do Senado, a exemplo do afastamento de Eduardo Cunha (PMDB-RJ) do comando da C\u00e2mara.<\/p>\n<p>A alega\u00e7\u00e3o de Janot de que Sarney, Juc\u00e1 e Renan estariam agindo para barrar a Lava Jato se baseia, segundo o jornal, na dela\u00e7\u00e3o premiada do ex-presidente da Transpetro, S\u00e9rgio Machado, que, de acordo com a reportagem, traz ind\u00edcios de que os tr\u00eas queriam limitar as investiga\u00e7\u00f5es.<\/p>\n<p>Grava\u00e7\u00f5es que Machado fez de conversas com pol\u00edticos j\u00e1 derrubaram dois ministros nos primeiros 15 dias do governo Temer: o pr\u00f3prio Juc\u00e1 (Planejamento) e Fabiano Silveira (Transpar\u00eancia). Nas conversas gravadas, os dois criticavam a Lava Jato.<\/p>\n<p>A pris\u00e3o do presidente afastado da C\u00e2mara, Eduardo Cunha, tamb\u00e9m foi pedida pelo Procurador da Rep\u00fablica.<\/p>\n<p><img decoding=\"async\" class=\"aligncenter\" src=\"http:\/\/www.sudoestehoje.com.br\/novoportal\/wp-content\/uploads\/2014\/07\/Feira-do-Lar-1.png\" alt=\"Feira-do-Lar (1)\" \/><\/p>\n","protected":false},"excerpt":{"rendered":"<p>O procurador-geral da Rep\u00fablica, Rodrigo Janot, pediu a pris\u00e3o do presidente do Senado, Renan Calheiros (PMDB-AL), do senador Romero Juc\u00e1 (PMDB-RR), e do ex-presidente da Rep\u00fablica, Jos\u00e9 Sarney, de acordo com reportagem desta ter\u00e7a-feira (7) do jornal &#8220;O Globo&#8221;. A TV Globo confirmou a informa\u00e7\u00e3o. De acordo com o jornal, o procurador-geral pede a pris\u00e3o [&hellip;]<\/p>\n","protected":false},"author":2,"featured_media":0,"comment_status":"open","ping_status":"open","sticky":false,"template":"","format":"standard","meta":{"footnotes":"","_links_to":"","_links_to_target":""},"categories":[1],"tags":[],"class_list":["post-57993","post","type-post","status-publish","format-standard","hentry","category-geral"],"views":1194,"_links":{"self":[{"href":"https:\/\/www.sudoestehoje.com.br\/novoportal\/wp-json\/wp\/v2\/posts\/57993","targetHints":{"allow":["GET"]}}],"collection":[{"href":"https:\/\/www.sudoestehoje.com.br\/novoportal\/wp-json\/wp\/v2\/posts"}],"about":[{"href":"https:\/\/www.sudoestehoje.com.br\/novoportal\/wp-json\/wp\/v2\/types\/post"}],"author":[{"embeddable":true,"href":"https:\/\/www.sudoestehoje.com.br\/novoportal\/wp-json\/wp\/v2\/users\/2"}],"replies":[{"embeddable":true,"href":"https:\/\/www.sudoestehoje.com.br\/novoportal\/wp-json\/wp\/v2\/comments?post=57993"}],"version-history":[{"count":4,"href":"https:\/\/www.sudoestehoje.com.br\/novoportal\/wp-json\/wp\/v2\/posts\/57993\/revisions"}],"predecessor-version":[{"id":57998,"href":"https:\/\/www.sudoestehoje.com.br\/novoportal\/wp-json\/wp\/v2\/posts\/57993\/revisions\/57998"}],"wp:attachment":[{"href":"https:\/\/www.sudoestehoje.com.br\/novoportal\/wp-json\/wp\/v2\/media?parent=57993"}],"wp:term":[{"taxonomy":"category","embeddable":true,"href":"https:\/\/www.sudoestehoje.com.br\/novoportal\/wp-json\/wp\/v2\/categories?post=57993"},{"taxonomy":"post_tag","embeddable":true,"href":"https:\/\/www.sudoestehoje.com.br\/novoportal\/wp-json\/wp\/v2\/tags?post=57993"}],"curies":[{"name":"wp","href":"https:\/\/api.w.org\/{rel}","templated":true}]}}