
{"id":57908,"date":"2016-06-02T20:23:05","date_gmt":"2016-06-02T23:23:05","guid":{"rendered":"http:\/\/www.sudoestehoje.com.br\/novoportal\/?p=57908"},"modified":"2016-06-02T20:23:05","modified_gmt":"2016-06-02T23:23:05","slug":"nota-de-esclarecimento-do-psdb","status":"publish","type":"post","link":"https:\/\/www.sudoestehoje.com.br\/novoportal\/2016\/06\/02\/nota-de-esclarecimento-do-psdb\/","title":{"rendered":"NOTA DE ESCLARECIMENTO DO PSDB"},"content":{"rendered":"<div id=\"yui_3_16_0_ym19_1_1464908261006_2135\" class=\"body undoreset\" tabindex=\"0\">\n<div id=\"yui_3_16_0_ym19_1_1464908261006_2134\" class=\"email-wrapped\">\n<div id=\"yiv7418204329\">\n<div id=\"yui_3_16_0_ym19_1_1464908261006_2133\" dir=\"ltr\">\n<div id=\"yiv7418204329divtagdefaultwrapper\">\n<p><a href=\"http:\/\/www.sudoestehoje.com.br\/novoportal\/wp-content\/uploads\/2016\/06\/TUCANO.jpg\" rel=\"attachment wp-att-57916\"><img loading=\"lazy\" decoding=\"async\" class=\"aligncenter  wp-image-57916\" src=\"http:\/\/www.sudoestehoje.com.br\/novoportal\/wp-content\/uploads\/2016\/06\/TUCANO.jpg\" alt=\"TUCANO\" width=\"500\" height=\"352\" \/><\/a><\/p>\n<p>Em raz\u00e3o da mat\u00e9ria publicada neste blog sobre a realiza\u00e7\u00e3o de pesquisa de opini\u00e3o p\u00fablica como crit\u00e9rio de escolha dos candidatos da chapa de oposi\u00e7\u00e3o, o pr\u00e9-candidato do PSDB, Adriano Alc\u00e2ntara, encaminhou N<em>ota <\/em>\u00e0 nossa reda\u00e7\u00e3o, esclarecendo a posi\u00e7\u00e3o do seu partido quanto ao crit\u00e9rio de escolha proposto pelo PMDB e DEM. <em>Confira abaixo a \u00edntegra da Nota de Esclarecimento do PSDB:\u00a0<\/em><\/p>\n<p style=\"text-align: center;\"><em>NOTA DE ESCLARECIMENTO<\/em><\/p>\n<p id=\"yui_3_16_0_ym19_1_1464908261006_2222\"><em>Caro Davi, pude ler com a satisfa\u00e7\u00e3o de sempre sua mat\u00e9ria acerca do \u00faltimo encontro realizado entre as legendas do PSDB, DEM e PMDB, ocorrido na ter\u00e7a feira passada\u00a0(31\/05\/2016), quando se deveria discutir sobre a proposta de utiliza\u00e7\u00e3o de uma pesquisa eleitoral, a ser adotada\u00a0como crit\u00e9rio\u00a0para a defini\u00e7\u00e3o de uma prov\u00e1vel chapa composta por essas\u00a0legendas, visando concorrer ao pleito eleitoral vindouro.<\/em><\/p>\n<p id=\"yui_3_16_0_ym19_1_1464908261006_2132\"><em>Todavia \u00e9 bom ressaltar que naquela oportunidade v\u00e1rios aspectos relativos a essa pretensa pesquisa, concernentes \u00e0 sua metodologia, n\u00e3o ficaram acordados em definitivo, carecendo ainda de novos entendimentos, n\u00e3o apenas entre as lideran\u00e7as nacionais dessas agremia\u00e7\u00f5es partid\u00e1rias, mas, sobretudo, entre seus representantes locais. Por conseguinte, o PSDB considera essa quest\u00e3o ainda em aberto, n\u00e3o descartando nenhuma outra possibilidade a ser utilizada como mecanismo de composi\u00e7\u00e3o, principalmente o di\u00e1logo e o bom senso.<\/em><\/p>\n<p id=\"yui_3_16_0_ym19_1_1464908261006_2207\"><em>Outrossim, o PSDB considera que\u00a0essas tratativas, ainda em evolu\u00e7\u00e3o,\u00a0fazem parte da natural constru\u00e7\u00e3o de um processo pol\u00edtico, que deve ter um \u00fanico objetivo: o bem de Itapetinga. E sendo assim reafirma seu firme prop\u00f3sito de marchar unido nesse bloco oposicionista.<\/em><\/p>\n<p id=\"yui_3_16_0_ym19_1_1464908261006_2210\"><em>Atenciosamente.<\/em><\/p>\n<p id=\"yui_3_16_0_ym19_1_1464908261006_2212\"><em><strong>Adriano C\u00e9sar Pessoa de Alc\u00e2ntara<\/strong><\/em><\/p>\n<\/div>\n<\/div>\n<\/div>\n<\/div>\n<\/div>\n","protected":false},"excerpt":{"rendered":"<p>Em raz\u00e3o da mat\u00e9ria publicada neste blog sobre a realiza\u00e7\u00e3o de pesquisa de opini\u00e3o p\u00fablica como crit\u00e9rio de escolha dos candidatos da chapa de oposi\u00e7\u00e3o, o pr\u00e9-candidato do PSDB, Adriano Alc\u00e2ntara, encaminhou Nota \u00e0 nossa reda\u00e7\u00e3o, esclarecendo a posi\u00e7\u00e3o do seu partido quanto ao crit\u00e9rio de escolha proposto pelo PMDB e DEM. Confira abaixo a [&hellip;]<\/p>\n","protected":false},"author":2,"featured_media":0,"comment_status":"open","ping_status":"open","sticky":false,"template":"","format":"standard","meta":{"footnotes":"","_links_to":"","_links_to_target":""},"categories":[1],"tags":[],"class_list":["post-57908","post","type-post","status-publish","format-standard","hentry","category-geral"],"views":2624,"_links":{"self":[{"href":"https:\/\/www.sudoestehoje.com.br\/novoportal\/wp-json\/wp\/v2\/posts\/57908","targetHints":{"allow":["GET"]}}],"collection":[{"href":"https:\/\/www.sudoestehoje.com.br\/novoportal\/wp-json\/wp\/v2\/posts"}],"about":[{"href":"https:\/\/www.sudoestehoje.com.br\/novoportal\/wp-json\/wp\/v2\/types\/post"}],"author":[{"embeddable":true,"href":"https:\/\/www.sudoestehoje.com.br\/novoportal\/wp-json\/wp\/v2\/users\/2"}],"replies":[{"embeddable":true,"href":"https:\/\/www.sudoestehoje.com.br\/novoportal\/wp-json\/wp\/v2\/comments?post=57908"}],"version-history":[{"count":4,"href":"https:\/\/www.sudoestehoje.com.br\/novoportal\/wp-json\/wp\/v2\/posts\/57908\/revisions"}],"predecessor-version":[{"id":57917,"href":"https:\/\/www.sudoestehoje.com.br\/novoportal\/wp-json\/wp\/v2\/posts\/57908\/revisions\/57917"}],"wp:attachment":[{"href":"https:\/\/www.sudoestehoje.com.br\/novoportal\/wp-json\/wp\/v2\/media?parent=57908"}],"wp:term":[{"taxonomy":"category","embeddable":true,"href":"https:\/\/www.sudoestehoje.com.br\/novoportal\/wp-json\/wp\/v2\/categories?post=57908"},{"taxonomy":"post_tag","embeddable":true,"href":"https:\/\/www.sudoestehoje.com.br\/novoportal\/wp-json\/wp\/v2\/tags?post=57908"}],"curies":[{"name":"wp","href":"https:\/\/api.w.org\/{rel}","templated":true}]}}