
{"id":579,"date":"2010-07-11T16:47:29","date_gmt":"2010-07-11T19:47:29","guid":{"rendered":"http:\/\/sudoestehoje.tempsite.ws\/novoportal\/?p=579"},"modified":"2010-09-22T16:47:49","modified_gmt":"2010-09-22T19:47:49","slug":"exclusivo-itapetinga-pode-perder-bandeira-do-colonia-para-itororo","status":"publish","type":"post","link":"https:\/\/www.sudoestehoje.com.br\/novoportal\/2010\/07\/11\/exclusivo-itapetinga-pode-perder-bandeira-do-colonia-para-itororo\/","title":{"rendered":"EXCLUSIVO: ITAPETINGA PODE PERDER BANDEIRA DO COL\u00d4NIA PARA ITOROR\u00d3"},"content":{"rendered":"<div>\n<div><img decoding=\"async\" src=\"http:\/\/4.bp.blogspot.com\/_VE6p8Nzv9hM\/SnIUbCBL1sI\/AAAAAAAADPo\/418ggxq4SjM\/s400\/Inaugura%C3%A7%C3%A3o+do+PSF+%28foto+Hernane+Amorim%29.JPG\" border=\"0\" alt=\"\" \/><\/div>\n<div>Petistas j\u00e1\u00a0defendem a &#8216;revis\u00e3o dos limites territorias&#8217; abertamente<\/div>\n<p>ITAPETINGA:  A Bahia poder\u00e1 rever os limites territoriais dos munic\u00edpios. Nesta  segunda-feira, 12, \u00e0s 10 horas,\u00a0a Comiss\u00e3o Especial de Assuntos  Territoriais e Emancipa\u00e7\u00e3o da Assembleia Legislativa pretende discutir\u00a0o  projeto do deputado Jo\u00e3o Bomfim (PDT), que trata do assunto.<\/p>\n<p>Segundo  informa\u00e7\u00f5es da coluna Tempo Presente (A Tarde), a proposta \u00e9  extremamente pol\u00eamica, j\u00e1 que existem pelo menos 100 conflitos  territoriais no Estado. H\u00e1 casos bastante conhecidos, como o da divisa  entre Salvador e Lauro de Freitas,\u00a0Itabuna e Ilh\u00e9us e Itapetinga &#8211;  Itoror\u00f3 &#8211; Itamb\u00e9.<\/p>\n<p>Fontes ligadas ao PT de Itoror\u00f3  d\u00e3o conta de que a integra\u00e7\u00e3o de Bandeira do Col\u00f4nia (Itapetinga) e S\u00e3o  Jos\u00e9 do Col\u00f4nia (Itamb\u00e9) \u00e9 prioridade para os petistas itororoenses,  pois n\u00e3o faz sentido a perman\u00eancia desses distritos nos territ\u00f3rios de  Itapetinga e Itamb\u00e9, dada a sua proximidade geogr\u00e1fica\u00a0e\u00a0depend\u00eancia  econ\u00f4mica ao munic\u00edpio de Itoror\u00f3. A revis\u00e3o dos limites territoriais  entre Itoror\u00f3, Itapetinga e Itamb\u00e9\u00a0voltou a ser defendida\u00a0nos meios  politicos em Itoror\u00f3, desde a elei\u00e7\u00e3o do petista Adroaldo Almeida.<\/p>\n<p>O  site notadamente petista, Pimenta na Muqueca, defende\u00a0a revis\u00e3o desses  limites, na mat\u00e9ria intitulada \u00a0&#8220;A IMPERIOSA NECESSIDADE DE UMA REVIS\u00c3O  TERRITORIAL&#8221;, postada hoje. Trata-se, evidentemente, de um &#8216;ensaio&#8217; para  a grande cartada, prevista para o pr\u00f3ximo ano, caso o candidato  Rosemberg Pinto se eleja deputado estadual.<\/p>\n<p>A  incorpora\u00e7\u00e3o de Bandeira do Col\u00f4nia e S\u00e3o Jos\u00e9 do Col\u00f4nia ao munic\u00edpio  de Itoror\u00f3 \u00e9 um sonho antigo dos pol\u00edticos da cidade vizinha,  interrompido pela morte de ex-deputado Nalmar Alc\u00e2ntara, autor de um  projeto de lei neste sentido. Como diz o Pimenta na Muqueca nas duas  mat\u00e9rias em que trata da quest\u00e3o, &#8220;v\u00e3o mexer em um vespeiro&#8221;.<\/p>\n<p>Por Davi Ferraz<\/p>\n<p>Com informa\u00e7\u00f5es do Pimenta na Muqueca<\/p>\n<\/div>\n","protected":false},"excerpt":{"rendered":"<p>Petistas j\u00e1\u00a0defendem a &#8216;revis\u00e3o dos limites territorias&#8217; abertamente ITAPETINGA: A Bahia poder\u00e1 rever os limites territoriais dos munic\u00edpios. Nesta segunda-feira, 12, \u00e0s 10 horas,\u00a0a Comiss\u00e3o Especial de Assuntos Territoriais e Emancipa\u00e7\u00e3o da Assembleia Legislativa pretende discutir\u00a0o projeto do deputado Jo\u00e3o Bomfim (PDT), que trata do assunto. Segundo informa\u00e7\u00f5es da coluna Tempo Presente (A Tarde), a [&hellip;]<\/p>\n","protected":false},"author":1,"featured_media":0,"comment_status":"open","ping_status":"open","sticky":false,"template":"","format":"standard","meta":{"footnotes":"","_links_to":"","_links_to_target":""},"categories":[1],"tags":[],"class_list":["post-579","post","type-post","status-publish","format-standard","hentry","category-geral"],"views":1968,"_links":{"self":[{"href":"https:\/\/www.sudoestehoje.com.br\/novoportal\/wp-json\/wp\/v2\/posts\/579","targetHints":{"allow":["GET"]}}],"collection":[{"href":"https:\/\/www.sudoestehoje.com.br\/novoportal\/wp-json\/wp\/v2\/posts"}],"about":[{"href":"https:\/\/www.sudoestehoje.com.br\/novoportal\/wp-json\/wp\/v2\/types\/post"}],"author":[{"embeddable":true,"href":"https:\/\/www.sudoestehoje.com.br\/novoportal\/wp-json\/wp\/v2\/users\/1"}],"replies":[{"embeddable":true,"href":"https:\/\/www.sudoestehoje.com.br\/novoportal\/wp-json\/wp\/v2\/comments?post=579"}],"version-history":[{"count":1,"href":"https:\/\/www.sudoestehoje.com.br\/novoportal\/wp-json\/wp\/v2\/posts\/579\/revisions"}],"predecessor-version":[{"id":580,"href":"https:\/\/www.sudoestehoje.com.br\/novoportal\/wp-json\/wp\/v2\/posts\/579\/revisions\/580"}],"wp:attachment":[{"href":"https:\/\/www.sudoestehoje.com.br\/novoportal\/wp-json\/wp\/v2\/media?parent=579"}],"wp:term":[{"taxonomy":"category","embeddable":true,"href":"https:\/\/www.sudoestehoje.com.br\/novoportal\/wp-json\/wp\/v2\/categories?post=579"},{"taxonomy":"post_tag","embeddable":true,"href":"https:\/\/www.sudoestehoje.com.br\/novoportal\/wp-json\/wp\/v2\/tags?post=579"}],"curies":[{"name":"wp","href":"https:\/\/api.w.org\/{rel}","templated":true}]}}