
{"id":57899,"date":"2016-06-02T19:32:16","date_gmt":"2016-06-02T22:32:16","guid":{"rendered":"http:\/\/www.sudoestehoje.com.br\/novoportal\/?p=57899"},"modified":"2016-06-02T19:32:16","modified_gmt":"2016-06-02T22:32:16","slug":"itapetinga-adriano-deixa-presidencia-do-sindicato-rural-para-disputar-prefeitura","status":"publish","type":"post","link":"https:\/\/www.sudoestehoje.com.br\/novoportal\/2016\/06\/02\/itapetinga-adriano-deixa-presidencia-do-sindicato-rural-para-disputar-prefeitura\/","title":{"rendered":"ITAPETINGA: ADRIANO DEIXA PRESID\u00caNCIA DO SINDICATO RURAL PARA DISPUTAR PREFEITURA"},"content":{"rendered":"<p><a href=\"http:\/\/www.sudoestehoje.com.br\/novoportal\/wp-content\/uploads\/2016\/06\/a.jpg\" rel=\"attachment wp-att-57901\"><img loading=\"lazy\" decoding=\"async\" class=\"aligncenter size-medium wp-image-57901\" src=\"http:\/\/www.sudoestehoje.com.br\/novoportal\/wp-content\/uploads\/2016\/06\/a-500x300.jpg\" alt=\"a\" width=\"500\" height=\"300\" srcset=\"https:\/\/www.sudoestehoje.com.br\/novoportal\/wp-content\/uploads\/2016\/06\/a-500x300.jpg 500w, https:\/\/www.sudoestehoje.com.br\/novoportal\/wp-content\/uploads\/2016\/06\/a-768x461.jpg 768w, https:\/\/www.sudoestehoje.com.br\/novoportal\/wp-content\/uploads\/2016\/06\/a-700x420.jpg 700w, https:\/\/www.sudoestehoje.com.br\/novoportal\/wp-content\/uploads\/2016\/06\/a.jpg 960w\" sizes=\"auto, (max-width: 500px) 100vw, 500px\" \/><\/a><\/p>\n<p>Um dos tr\u00eas postulantes das oposi\u00e7\u00f5es ao cargo de prefeito, o advogado Adriano Alc\u00e2ntara (PSDB), deixou, na noite desta quarta-feira (01), a presid\u00eancia do Sindicato Rural de Itapetinga para disputar as elei\u00e7\u00f5es de outubro.<\/p>\n<p><a href=\"http:\/\/www.sudoestehoje.com.br\/novoportal\/wp-content\/uploads\/2016\/06\/a-4.jpg\" rel=\"attachment wp-att-57905\"><img loading=\"lazy\" decoding=\"async\" class=\"aligncenter size-medium wp-image-57905\" src=\"http:\/\/www.sudoestehoje.com.br\/novoportal\/wp-content\/uploads\/2016\/06\/a-4-500x300.jpg\" alt=\"a 4\" width=\"500\" height=\"300\" srcset=\"https:\/\/www.sudoestehoje.com.br\/novoportal\/wp-content\/uploads\/2016\/06\/a-4-500x300.jpg 500w, https:\/\/www.sudoestehoje.com.br\/novoportal\/wp-content\/uploads\/2016\/06\/a-4-768x461.jpg 768w, https:\/\/www.sudoestehoje.com.br\/novoportal\/wp-content\/uploads\/2016\/06\/a-4-700x420.jpg 700w, https:\/\/www.sudoestehoje.com.br\/novoportal\/wp-content\/uploads\/2016\/06\/a-4.jpg 960w\" sizes=\"auto, (max-width: 500px) 100vw, 500px\" \/><\/a><\/p>\n<p>Em concorrida cerim\u00f4nia no audit\u00f3rio da Coopardo, Adriano transferiu a presid\u00eancia do Sindicato Rural para o empres\u00e1rio e pecuarista \u00c9der Rezende, sob os aplausos dos convidados que lotaram o evento, pela sua brilhante atua\u00e7\u00e3o \u00e0 frente do sindicato, o que resultou na realiza\u00e7\u00e3o com sucesso das tr\u00eas \u00faltimas exposi\u00e7\u00f5es agropecu\u00e1rias.<\/p>\n<p><a href=\"http:\/\/www.sudoestehoje.com.br\/novoportal\/wp-content\/uploads\/2016\/06\/a-1.jpg\" rel=\"attachment wp-att-57902\"><img loading=\"lazy\" decoding=\"async\" class=\"aligncenter size-medium wp-image-57902\" src=\"http:\/\/www.sudoestehoje.com.br\/novoportal\/wp-content\/uploads\/2016\/06\/a-1-500x300.jpg\" alt=\"a 1\" width=\"500\" height=\"300\" srcset=\"https:\/\/www.sudoestehoje.com.br\/novoportal\/wp-content\/uploads\/2016\/06\/a-1-500x300.jpg 500w, https:\/\/www.sudoestehoje.com.br\/novoportal\/wp-content\/uploads\/2016\/06\/a-1-768x461.jpg 768w, https:\/\/www.sudoestehoje.com.br\/novoportal\/wp-content\/uploads\/2016\/06\/a-1-700x420.jpg 700w, https:\/\/www.sudoestehoje.com.br\/novoportal\/wp-content\/uploads\/2016\/06\/a-1.jpg 960w\" sizes=\"auto, (max-width: 500px) 100vw, 500px\" \/><\/a><\/p>\n<p>O evento foi marcado pelos pronunciamentos de lideran\u00e7as ligadas ao setor agropecu\u00e1rio, que destacaram o papel de Adriano e demais diretores do Sindicato Rural no resgate da tradicional Exposi\u00e7\u00e3o de Itapetinga, uma das mais importantes feiras da pecu\u00e1ria baiana.<\/p>\n<p><a href=\"http:\/\/www.sudoestehoje.com.br\/novoportal\/wp-content\/uploads\/2016\/06\/a-2.jpg\" rel=\"attachment wp-att-57903\"><img loading=\"lazy\" decoding=\"async\" class=\"aligncenter size-medium wp-image-57903\" src=\"http:\/\/www.sudoestehoje.com.br\/novoportal\/wp-content\/uploads\/2016\/06\/a-2-500x300.jpg\" alt=\"a 2\" width=\"500\" height=\"300\" srcset=\"https:\/\/www.sudoestehoje.com.br\/novoportal\/wp-content\/uploads\/2016\/06\/a-2-500x300.jpg 500w, https:\/\/www.sudoestehoje.com.br\/novoportal\/wp-content\/uploads\/2016\/06\/a-2-768x461.jpg 768w, https:\/\/www.sudoestehoje.com.br\/novoportal\/wp-content\/uploads\/2016\/06\/a-2-700x420.jpg 700w, https:\/\/www.sudoestehoje.com.br\/novoportal\/wp-content\/uploads\/2016\/06\/a-2.jpg 960w\" sizes=\"auto, (max-width: 500px) 100vw, 500px\" \/><\/a><\/p>\n<p>Participaram, tamb\u00e9m, pessoas simples que atuaram nas exposi\u00e7\u00f5es realizadas por Adriano, como barraqueiros, ambulantes e membros da equipe de apoio do sindicato, que ressaltaram a sua generosidade no trato com todos os comerciantes que trabalharam no Parque Juvino Oliveira, durante os seis dias da festa.<\/p>\n<p><a href=\"http:\/\/www.sudoestehoje.com.br\/novoportal\/wp-content\/uploads\/2016\/06\/a-3.jpg\" rel=\"attachment wp-att-57904\"><img loading=\"lazy\" decoding=\"async\" class=\"aligncenter size-medium wp-image-57904\" src=\"http:\/\/www.sudoestehoje.com.br\/novoportal\/wp-content\/uploads\/2016\/06\/a-3-500x300.jpg\" alt=\"a 3\" width=\"500\" height=\"300\" srcset=\"https:\/\/www.sudoestehoje.com.br\/novoportal\/wp-content\/uploads\/2016\/06\/a-3-500x300.jpg 500w, https:\/\/www.sudoestehoje.com.br\/novoportal\/wp-content\/uploads\/2016\/06\/a-3-768x461.jpg 768w, https:\/\/www.sudoestehoje.com.br\/novoportal\/wp-content\/uploads\/2016\/06\/a-3-700x420.jpg 700w, https:\/\/www.sudoestehoje.com.br\/novoportal\/wp-content\/uploads\/2016\/06\/a-3.jpg 960w\" sizes=\"auto, (max-width: 500px) 100vw, 500px\" \/><\/a><\/p>\n<p>Em discurso emocionante, Adriano transferiu a presid\u00eancia do sindicato para o tamb\u00e9m competente \u00c9der Rezende, que garantiu dar continuidade ao trabalho que vem sendo realizado nas \u00faltimas gest\u00f5es.<\/p>\n<p><strong><em>Por Davi Ferraz<\/em><\/strong><\/p>\n","protected":false},"excerpt":{"rendered":"<p>Um dos tr\u00eas postulantes das oposi\u00e7\u00f5es ao cargo de prefeito, o advogado Adriano Alc\u00e2ntara (PSDB), deixou, na noite desta quarta-feira (01), a presid\u00eancia do Sindicato Rural de Itapetinga para disputar as elei\u00e7\u00f5es de outubro. Em concorrida cerim\u00f4nia no audit\u00f3rio da Coopardo, Adriano transferiu a presid\u00eancia do Sindicato Rural para o empres\u00e1rio e pecuarista \u00c9der Rezende, [&hellip;]<\/p>\n","protected":false},"author":2,"featured_media":0,"comment_status":"open","ping_status":"open","sticky":false,"template":"","format":"standard","meta":{"footnotes":"","_links_to":"","_links_to_target":""},"categories":[1],"tags":[],"class_list":["post-57899","post","type-post","status-publish","format-standard","hentry","category-geral"],"views":2458,"_links":{"self":[{"href":"https:\/\/www.sudoestehoje.com.br\/novoportal\/wp-json\/wp\/v2\/posts\/57899","targetHints":{"allow":["GET"]}}],"collection":[{"href":"https:\/\/www.sudoestehoje.com.br\/novoportal\/wp-json\/wp\/v2\/posts"}],"about":[{"href":"https:\/\/www.sudoestehoje.com.br\/novoportal\/wp-json\/wp\/v2\/types\/post"}],"author":[{"embeddable":true,"href":"https:\/\/www.sudoestehoje.com.br\/novoportal\/wp-json\/wp\/v2\/users\/2"}],"replies":[{"embeddable":true,"href":"https:\/\/www.sudoestehoje.com.br\/novoportal\/wp-json\/wp\/v2\/comments?post=57899"}],"version-history":[{"count":3,"href":"https:\/\/www.sudoestehoje.com.br\/novoportal\/wp-json\/wp\/v2\/posts\/57899\/revisions"}],"predecessor-version":[{"id":57907,"href":"https:\/\/www.sudoestehoje.com.br\/novoportal\/wp-json\/wp\/v2\/posts\/57899\/revisions\/57907"}],"wp:attachment":[{"href":"https:\/\/www.sudoestehoje.com.br\/novoportal\/wp-json\/wp\/v2\/media?parent=57899"}],"wp:term":[{"taxonomy":"category","embeddable":true,"href":"https:\/\/www.sudoestehoje.com.br\/novoportal\/wp-json\/wp\/v2\/categories?post=57899"},{"taxonomy":"post_tag","embeddable":true,"href":"https:\/\/www.sudoestehoje.com.br\/novoportal\/wp-json\/wp\/v2\/tags?post=57899"}],"curies":[{"name":"wp","href":"https:\/\/api.w.org\/{rel}","templated":true}]}}