
{"id":57887,"date":"2016-06-01T23:35:48","date_gmt":"2016-06-02T02:35:48","guid":{"rendered":"http:\/\/www.sudoestehoje.com.br\/novoportal\/?p=57887"},"modified":"2016-06-02T00:13:45","modified_gmt":"2016-06-02T03:13:45","slug":"itapetinga-cdl-propoe-ao-prefeito-realizar-sao-joao-na-praca-dairy-valley","status":"publish","type":"post","link":"https:\/\/www.sudoestehoje.com.br\/novoportal\/2016\/06\/01\/itapetinga-cdl-propoe-ao-prefeito-realizar-sao-joao-na-praca-dairy-valley\/","title":{"rendered":"ITAPETINGA: CDL PROP\u00d5E AO PREFEITO REALIZAR S\u00c3O JO\u00c3O NA PRA\u00c7A DAIRY VALLEY"},"content":{"rendered":"<div id=\"attachment_57888\" style=\"width: 490px\" class=\"wp-caption aligncenter\"><a href=\"http:\/\/www.sudoestehoje.com.br\/novoportal\/wp-content\/uploads\/2016\/06\/festa-na-pra\u00e7a.jpg\" rel=\"attachment wp-att-57888\"><img loading=\"lazy\" decoding=\"async\" aria-describedby=\"caption-attachment-57888\" class=\"size-full wp-image-57888\" src=\"http:\/\/www.sudoestehoje.com.br\/novoportal\/wp-content\/uploads\/2016\/06\/festa-na-pra\u00e7a.jpg\" alt=\"Foto ilustrativa\" width=\"480\" height=\"360\" \/><\/a><p id=\"caption-attachment-57888\" class=\"wp-caption-text\">Foto ilustrativa<\/p><\/div>\n<p>Diante da decis\u00e3o do prefeito Z\u00e9 Carlos de n\u00e3o realizar a tradicional festa de S\u00e3o Jo\u00e3o no Parque da Lagoa, a diretoria da CDL de Itapetinga prop\u00f4s ao chefe do executivo a realiza\u00e7\u00e3o de uma festa junina mais modesta e enxuta, como alternativa vi\u00e1vel que possa evitar preju\u00edzos ao com\u00e9rcio local, que hoje vive uma crise sem precedentes.<\/p>\n<p>De acordo com o presidente da CDL, Oniel Brand\u00e3o, a proposta encaminhada ao prefeito sugere a realiza\u00e7\u00e3o do S\u00e3o Jo\u00e3o na Pra\u00e7a Dairy Valley, local que j\u00e1 foi palco de festas memor\u00e1veis anos atr\u00e1s, movimentando a cidade e incrementando as vendas no com\u00e9rcio.<\/p>\n<p>Segundo Oniel Brand\u00e3o, as atra\u00e7\u00f5es ficariam por conta dos comerciantes e parceiros, enquanto a prefeitura arcaria apenas com o apoio log\u00edstico.<\/p>\n<p>Ainda resistente, o prefeito Z\u00e9 Carlos ficou de pensar.<\/p>\n<p><strong><em>Por Davi Ferraz<\/em><\/strong><\/p>\n<p><img decoding=\"async\" class=\"aligncenter\" src=\"http:\/\/www.sudoestehoje.com.br\/novoportal\/wp-content\/uploads\/2014\/07\/Feira-do-Lar-1.png\" alt=\"Feira-do-Lar (1)\" \/><\/p>\n","protected":false},"excerpt":{"rendered":"<p>Diante da decis\u00e3o do prefeito Z\u00e9 Carlos de n\u00e3o realizar a tradicional festa de S\u00e3o Jo\u00e3o no Parque da Lagoa, a diretoria da CDL de Itapetinga prop\u00f4s ao chefe do executivo a realiza\u00e7\u00e3o de uma festa junina mais modesta e enxuta, como alternativa vi\u00e1vel que possa evitar preju\u00edzos ao com\u00e9rcio local, que hoje vive uma [&hellip;]<\/p>\n","protected":false},"author":2,"featured_media":0,"comment_status":"open","ping_status":"open","sticky":false,"template":"","format":"standard","meta":{"footnotes":"","_links_to":"","_links_to_target":""},"categories":[1],"tags":[],"class_list":["post-57887","post","type-post","status-publish","format-standard","hentry","category-geral"],"views":2050,"_links":{"self":[{"href":"https:\/\/www.sudoestehoje.com.br\/novoportal\/wp-json\/wp\/v2\/posts\/57887","targetHints":{"allow":["GET"]}}],"collection":[{"href":"https:\/\/www.sudoestehoje.com.br\/novoportal\/wp-json\/wp\/v2\/posts"}],"about":[{"href":"https:\/\/www.sudoestehoje.com.br\/novoportal\/wp-json\/wp\/v2\/types\/post"}],"author":[{"embeddable":true,"href":"https:\/\/www.sudoestehoje.com.br\/novoportal\/wp-json\/wp\/v2\/users\/2"}],"replies":[{"embeddable":true,"href":"https:\/\/www.sudoestehoje.com.br\/novoportal\/wp-json\/wp\/v2\/comments?post=57887"}],"version-history":[{"count":4,"href":"https:\/\/www.sudoestehoje.com.br\/novoportal\/wp-json\/wp\/v2\/posts\/57887\/revisions"}],"predecessor-version":[{"id":57892,"href":"https:\/\/www.sudoestehoje.com.br\/novoportal\/wp-json\/wp\/v2\/posts\/57887\/revisions\/57892"}],"wp:attachment":[{"href":"https:\/\/www.sudoestehoje.com.br\/novoportal\/wp-json\/wp\/v2\/media?parent=57887"}],"wp:term":[{"taxonomy":"category","embeddable":true,"href":"https:\/\/www.sudoestehoje.com.br\/novoportal\/wp-json\/wp\/v2\/categories?post=57887"},{"taxonomy":"post_tag","embeddable":true,"href":"https:\/\/www.sudoestehoje.com.br\/novoportal\/wp-json\/wp\/v2\/tags?post=57887"}],"curies":[{"name":"wp","href":"https:\/\/api.w.org\/{rel}","templated":true}]}}