
{"id":57878,"date":"2016-06-01T12:33:54","date_gmt":"2016-06-01T15:33:54","guid":{"rendered":"http:\/\/www.sudoestehoje.com.br\/novoportal\/?p=57878"},"modified":"2016-06-01T12:33:54","modified_gmt":"2016-06-01T15:33:54","slug":"itapetinga-oposicoes-confirmam-pesquisa-como-criterio-para-escolha-de-candidatos","status":"publish","type":"post","link":"https:\/\/www.sudoestehoje.com.br\/novoportal\/2016\/06\/01\/itapetinga-oposicoes-confirmam-pesquisa-como-criterio-para-escolha-de-candidatos\/","title":{"rendered":"ITAPETINGA: OPOSI\u00c7\u00d5ES CONFIRMAM PESQUISA COMO CRIT\u00c9RIO PARA ESCOLHA DE CANDIDATOS"},"content":{"rendered":"<div id=\"attachment_57880\" style=\"width: 490px\" class=\"wp-caption aligncenter\"><a href=\"http:\/\/www.sudoestehoje.com.br\/novoportal\/wp-content\/uploads\/2016\/06\/chapa.jpg\" rel=\"attachment wp-att-57880\"><img loading=\"lazy\" decoding=\"async\" aria-describedby=\"caption-attachment-57880\" class=\"size-full wp-image-57880\" src=\"http:\/\/www.sudoestehoje.com.br\/novoportal\/wp-content\/uploads\/2016\/06\/chapa.jpg\" alt=\"PESQUISA DETERMINAR\u00c1 ESCOLHA DE DOIS NOMES ENTRE OS TR\u00caS PR\u00c9-CANDIDATOS\" width=\"480\" height=\"359\" \/><\/a><p id=\"caption-attachment-57880\" class=\"wp-caption-text\">PESQUISA ESCOLHER\u00c1 DOIS NOMES PARA A CHAPA DE PREFEITO E VICE ENTRE OS TR\u00caS PR\u00c9-CANDIDATOS<\/p><\/div>\n<p>Como o <em>Sudoeste Hoje<\/em> j\u00e1 havia divulgado em primeira m\u00e3o, o crit\u00e9rio para escolha da chapa majorit\u00e1ria que disputar\u00e1 a elei\u00e7\u00e3o para prefeito e vice, em outubro, ocorrer\u00e1 mesmo atrav\u00e9s de ampla pesquisa eleitoral, cabendo aos deputados que representam os tr\u00eas maiores partidos, PMDB, DEM e PSDB, indicarem e contratarem o instituto.<\/p>\n<p>A decis\u00e3o foi tomada em reuni\u00e3o conjunta que aconteceu na noite desta ter\u00e7a-feira (31), onde representantes dos partidos oposicionistas discutiram e decidiram unanimemente pelo crit\u00e9rio proposto pelo PMDB.<\/p>\n<p>Apesar de concordar com o a realiza\u00e7\u00e3o de uma pesquisa como crit\u00e9rio para defini\u00e7\u00e3o da chapa de prefeito e vice das oposi\u00e7\u00f5es, os representantes do PSDB resistiram \u00e0 ideia de realiza\u00e7\u00e3o imediata da consulta, sob a alega\u00e7\u00e3o de que o pr\u00e9-candidato Adriano Alc\u00e2ntara poderia estar em desvantagem, por ter se lan\u00e7ado depois dos outros concorrentes, Renan Pereira (DEM) e Rodrigo Hagge (PMDB).<\/p>\n<p>Chegaram a solicitar que a pesquisa fosse realizada em julho, quando Adriano j\u00e1 estaria &#8220;pronto&#8221; para concorrer em condi\u00e7\u00f5es de igualdade, mas a proposta n\u00e3o foi aceita pelos representantes do DEM e do PMDB, que opinaram por uma pesquisa imediata, que dever\u00e1 acontecer durante este m\u00eas de junho, para n\u00e3o retardar mais a defini\u00e7\u00e3o da chapa.<\/p>\n<p>Renan Pereira (DEM), de quem se esperava alguma resist\u00eancia sobre a ideia da pesquisa de opini\u00e3o p\u00fablica como crit\u00e9rio de escolha, foi extremamente receptivo e \u00e9tico, aceitando a sugest\u00e3o dos demais partidos. Jos\u00e9 Ot\u00e1vio, Geraldo Trindade, Naara Duarte e outras lideran\u00e7as do DEM concordaram com a proposta.<\/p>\n<p>Com tr\u00eas pr\u00e9-candidatos lan\u00e7ados, as oposi\u00e7\u00f5es t\u00eam agora o desafio de realizarem uma dif\u00edcil costura, para que n\u00e3o haja insatisfa\u00e7\u00f5es e ruptura, em decorr\u00eancia da escolha que recair\u00e1 sobre dois dos tr\u00eas postulantes.<\/p>\n<p>V\u00e3o precisar de muita paci\u00eancia, jeito e esp\u00edrito de unidade.<\/p>\n<p><strong><em>Por Davi Ferraz<\/em><\/strong><\/p>\n<p><img decoding=\"async\" class=\"aligncenter\" src=\"http:\/\/www.sudoestehoje.com.br\/novoportal\/wp-content\/uploads\/2015\/05\/rezende-500x163-500x163.jpg\" alt=\"\" \/><\/p>\n<p>&nbsp;<\/p>\n","protected":false},"excerpt":{"rendered":"<p>Como o Sudoeste Hoje j\u00e1 havia divulgado em primeira m\u00e3o, o crit\u00e9rio para escolha da chapa majorit\u00e1ria que disputar\u00e1 a elei\u00e7\u00e3o para prefeito e vice, em outubro, ocorrer\u00e1 mesmo atrav\u00e9s de ampla pesquisa eleitoral, cabendo aos deputados que representam os tr\u00eas maiores partidos, PMDB, DEM e PSDB, indicarem e contratarem o instituto. A decis\u00e3o foi [&hellip;]<\/p>\n","protected":false},"author":2,"featured_media":0,"comment_status":"open","ping_status":"open","sticky":false,"template":"","format":"standard","meta":{"footnotes":"","_links_to":"","_links_to_target":""},"categories":[1],"tags":[],"class_list":["post-57878","post","type-post","status-publish","format-standard","hentry","category-geral"],"views":2766,"_links":{"self":[{"href":"https:\/\/www.sudoestehoje.com.br\/novoportal\/wp-json\/wp\/v2\/posts\/57878","targetHints":{"allow":["GET"]}}],"collection":[{"href":"https:\/\/www.sudoestehoje.com.br\/novoportal\/wp-json\/wp\/v2\/posts"}],"about":[{"href":"https:\/\/www.sudoestehoje.com.br\/novoportal\/wp-json\/wp\/v2\/types\/post"}],"author":[{"embeddable":true,"href":"https:\/\/www.sudoestehoje.com.br\/novoportal\/wp-json\/wp\/v2\/users\/2"}],"replies":[{"embeddable":true,"href":"https:\/\/www.sudoestehoje.com.br\/novoportal\/wp-json\/wp\/v2\/comments?post=57878"}],"version-history":[{"count":3,"href":"https:\/\/www.sudoestehoje.com.br\/novoportal\/wp-json\/wp\/v2\/posts\/57878\/revisions"}],"predecessor-version":[{"id":57883,"href":"https:\/\/www.sudoestehoje.com.br\/novoportal\/wp-json\/wp\/v2\/posts\/57878\/revisions\/57883"}],"wp:attachment":[{"href":"https:\/\/www.sudoestehoje.com.br\/novoportal\/wp-json\/wp\/v2\/media?parent=57878"}],"wp:term":[{"taxonomy":"category","embeddable":true,"href":"https:\/\/www.sudoestehoje.com.br\/novoportal\/wp-json\/wp\/v2\/categories?post=57878"},{"taxonomy":"post_tag","embeddable":true,"href":"https:\/\/www.sudoestehoje.com.br\/novoportal\/wp-json\/wp\/v2\/tags?post=57878"}],"curies":[{"name":"wp","href":"https:\/\/api.w.org\/{rel}","templated":true}]}}