
{"id":57853,"date":"2016-05-31T13:48:58","date_gmt":"2016-05-31T16:48:58","guid":{"rendered":"http:\/\/www.sudoestehoje.com.br\/novoportal\/?p=57853"},"modified":"2016-05-31T20:28:07","modified_gmt":"2016-05-31T23:28:07","slug":"desrespeito-ze-carlos-marca-reuniao-com-professores-em-greve-e-nao-comparece","status":"publish","type":"post","link":"https:\/\/www.sudoestehoje.com.br\/novoportal\/2016\/05\/31\/desrespeito-ze-carlos-marca-reuniao-com-professores-em-greve-e-nao-comparece\/","title":{"rendered":"DESRESPEITO: Z\u00c9 CARLOS MARCA REUNI\u00c3O COM PROFESSORES EM GREVE E N\u00c3O COMPARECE"},"content":{"rendered":"<p><a href=\"http:\/\/www.sudoestehoje.com.br\/novoportal\/wp-content\/uploads\/2016\/05\/prof.jpg\" rel=\"attachment wp-att-57855\"><img loading=\"lazy\" decoding=\"async\" class=\"aligncenter size-medium wp-image-57855\" src=\"http:\/\/www.sudoestehoje.com.br\/novoportal\/wp-content\/uploads\/2016\/05\/prof-500x281.jpg\" alt=\"prof\" width=\"500\" height=\"281\" srcset=\"https:\/\/www.sudoestehoje.com.br\/novoportal\/wp-content\/uploads\/2016\/05\/prof-500x281.jpg 500w, https:\/\/www.sudoestehoje.com.br\/novoportal\/wp-content\/uploads\/2016\/05\/prof-768x432.jpg 768w, https:\/\/www.sudoestehoje.com.br\/novoportal\/wp-content\/uploads\/2016\/05\/prof-700x394.jpg 700w, https:\/\/www.sudoestehoje.com.br\/novoportal\/wp-content\/uploads\/2016\/05\/prof.jpg 960w\" sizes=\"auto, (max-width: 500px) 100vw, 500px\" \/><\/a><\/p>\n<p>Na tentativa de encontrar uma solu\u00e7\u00e3o para a greve dos professores da rede municipal, que j\u00e1 dura um m\u00eas, foi agendada para esta segunda-feira (30) uma reuni\u00e3o entre o prefeito, sua assessoria, APLB e representantes dos professores, no gabinete do chefe do executivo.<\/p>\n<p>Todas as partes interessadas compareceram, inclusive o secret\u00e1rio municipal de Educa\u00e7\u00e3o, o secret\u00e1rio de Administra\u00e7\u00e3o e assessores jur\u00eddicos da prefeitura, mas o prefeito Z\u00e9 Carlos n\u00e3o deu a cara na reuni\u00e3o, frustrando todos os presentes, inclusive a sua assessoria. Com isto, Z\u00e9 Carlos demonstrou todo o seu desprezo para com os professores e falta de respeito com a educa\u00e7\u00e3o do munic\u00edpio, que est\u00e1 no fundo do po\u00e7o.<\/p>\n<p>Z\u00e9 Carlos vem agindo de forma irrespons\u00e1vel e intransigente durante todo o movimento dos professores, que reivindicam legitimamente o reajuste salarial a que t\u00eam direito, mas que s\u00f3 tiveram do prefeito uma resposta, atrav\u00e9s de sua assessoria: &#8220;REAJUSTE ZERO&#8221;.<\/p>\n<p>Com isto as aulas na rede municipal continuam paralisadas, com risco de comprometer o ano letivo. Perdeu i ju\u00edzo de vez.<\/p>\n<p><strong><em>Por Davi Ferraz<\/em><\/strong><\/p>\n<p><img decoding=\"async\" class=\"aligncenter\" src=\"http:\/\/www.sudoestehoje.com.br\/novoportal\/wp-content\/uploads\/2014\/12\/skala-novo.jpg\" alt=\"\" \/><\/p>\n","protected":false},"excerpt":{"rendered":"<p>Na tentativa de encontrar uma solu\u00e7\u00e3o para a greve dos professores da rede municipal, que j\u00e1 dura um m\u00eas, foi agendada para esta segunda-feira (30) uma reuni\u00e3o entre o prefeito, sua assessoria, APLB e representantes dos professores, no gabinete do chefe do executivo. Todas as partes interessadas compareceram, inclusive o secret\u00e1rio municipal de Educa\u00e7\u00e3o, o [&hellip;]<\/p>\n","protected":false},"author":2,"featured_media":0,"comment_status":"open","ping_status":"open","sticky":false,"template":"","format":"standard","meta":{"footnotes":"","_links_to":"","_links_to_target":""},"categories":[1],"tags":[],"class_list":["post-57853","post","type-post","status-publish","format-standard","hentry","category-geral"],"views":1940,"_links":{"self":[{"href":"https:\/\/www.sudoestehoje.com.br\/novoportal\/wp-json\/wp\/v2\/posts\/57853","targetHints":{"allow":["GET"]}}],"collection":[{"href":"https:\/\/www.sudoestehoje.com.br\/novoportal\/wp-json\/wp\/v2\/posts"}],"about":[{"href":"https:\/\/www.sudoestehoje.com.br\/novoportal\/wp-json\/wp\/v2\/types\/post"}],"author":[{"embeddable":true,"href":"https:\/\/www.sudoestehoje.com.br\/novoportal\/wp-json\/wp\/v2\/users\/2"}],"replies":[{"embeddable":true,"href":"https:\/\/www.sudoestehoje.com.br\/novoportal\/wp-json\/wp\/v2\/comments?post=57853"}],"version-history":[{"count":3,"href":"https:\/\/www.sudoestehoje.com.br\/novoportal\/wp-json\/wp\/v2\/posts\/57853\/revisions"}],"predecessor-version":[{"id":57868,"href":"https:\/\/www.sudoestehoje.com.br\/novoportal\/wp-json\/wp\/v2\/posts\/57853\/revisions\/57868"}],"wp:attachment":[{"href":"https:\/\/www.sudoestehoje.com.br\/novoportal\/wp-json\/wp\/v2\/media?parent=57853"}],"wp:term":[{"taxonomy":"category","embeddable":true,"href":"https:\/\/www.sudoestehoje.com.br\/novoportal\/wp-json\/wp\/v2\/categories?post=57853"},{"taxonomy":"post_tag","embeddable":true,"href":"https:\/\/www.sudoestehoje.com.br\/novoportal\/wp-json\/wp\/v2\/tags?post=57853"}],"curies":[{"name":"wp","href":"https:\/\/api.w.org\/{rel}","templated":true}]}}