
{"id":57834,"date":"2016-05-30T14:01:49","date_gmt":"2016-05-30T17:01:49","guid":{"rendered":"http:\/\/www.sudoestehoje.com.br\/novoportal\/?p=57834"},"modified":"2016-05-30T14:01:49","modified_gmt":"2016-05-30T17:01:49","slug":"com-comercio-em-crise-mais-duas-lojas-fecham-as-portas-em-itapetinga","status":"publish","type":"post","link":"https:\/\/www.sudoestehoje.com.br\/novoportal\/2016\/05\/30\/com-comercio-em-crise-mais-duas-lojas-fecham-as-portas-em-itapetinga\/","title":{"rendered":"COM COM\u00c9RCIO EM CRISE, MAIS DUAS LOJAS FECHAM AS PORTAS EM ITAPETINGA"},"content":{"rendered":"<p><a href=\"http:\/\/www.sudoestehoje.com.br\/novoportal\/wp-content\/uploads\/2016\/05\/vf.jpg\" rel=\"attachment wp-att-57836\"><img loading=\"lazy\" decoding=\"async\" class=\"aligncenter size-medium wp-image-57836\" src=\"http:\/\/www.sudoestehoje.com.br\/novoportal\/wp-content\/uploads\/2016\/05\/vf-500x300.jpg\" alt=\"vf\" width=\"500\" height=\"300\" srcset=\"https:\/\/www.sudoestehoje.com.br\/novoportal\/wp-content\/uploads\/2016\/05\/vf-500x300.jpg 500w, https:\/\/www.sudoestehoje.com.br\/novoportal\/wp-content\/uploads\/2016\/05\/vf-768x461.jpg 768w, https:\/\/www.sudoestehoje.com.br\/novoportal\/wp-content\/uploads\/2016\/05\/vf-700x420.jpg 700w, https:\/\/www.sudoestehoje.com.br\/novoportal\/wp-content\/uploads\/2016\/05\/vf.jpg 960w\" sizes=\"auto, (max-width: 500px) 100vw, 500px\" \/><\/a><\/p>\n<p>No auge da crise que afeta o com\u00e9rcio de Itapetinga, mais duas lojas fecharam as suas portas nesta segunda-feira (30), encerrando as suas atividades na &#8216;Capital da Pecu\u00e1ria Baiana&#8217;. A loja de tecidos e confec\u00e7\u00f5es &#8216;Varej\u00e3o das F\u00e1bricas&#8217; e o Magazine Betesda, especializada no ramo de papelaria e material escolar.<\/p>\n<p>Segundo fonte ligada a umas das lojas fechadas nesta segunda=feira, o encerramento das atividades em Itapetinga foi determinado pela queda acentuada nas vendas. O Varej\u00e3o das F\u00e1bricas dever\u00e1 transferir todo o seu estoque para a cidade de Cama\u00e7ari, enquanto o Betesda simplesmente sai do ramo. Cerca de 25 empregados das duas lojas ser\u00e3o demitidos.<\/p>\n<p><a href=\"http:\/\/www.sudoestehoje.com.br\/novoportal\/wp-content\/uploads\/2016\/05\/betesda.jpg\" rel=\"attachment wp-att-57837\"><img loading=\"lazy\" decoding=\"async\" class=\"aligncenter size-medium wp-image-57837\" src=\"http:\/\/www.sudoestehoje.com.br\/novoportal\/wp-content\/uploads\/2016\/05\/betesda-500x300.jpg\" alt=\"betesda\" width=\"500\" height=\"300\" srcset=\"https:\/\/www.sudoestehoje.com.br\/novoportal\/wp-content\/uploads\/2016\/05\/betesda-500x300.jpg 500w, https:\/\/www.sudoestehoje.com.br\/novoportal\/wp-content\/uploads\/2016\/05\/betesda-768x461.jpg 768w, https:\/\/www.sudoestehoje.com.br\/novoportal\/wp-content\/uploads\/2016\/05\/betesda-700x420.jpg 700w, https:\/\/www.sudoestehoje.com.br\/novoportal\/wp-content\/uploads\/2016\/05\/betesda.jpg 960w\" sizes=\"auto, (max-width: 500px) 100vw, 500px\" \/><\/a><\/p>\n<p>A crise no com\u00e9rcio atinge quase todas as cidades do Estado, mas em Itapetinga ela est\u00e1 sendo mais acentuada, devido \u00e0s demiss\u00f5es na Vulcabras\/Azaleia, que teve inicio a partir de 2011, com o fechamento de 18 f\u00e1bricas na regi\u00e3o e demiss\u00e3o de quase 18 mil empregados.<\/p>\n<p><strong><em>Por Davi Ferraz<\/em><\/strong><\/p>\n","protected":false},"excerpt":{"rendered":"<p>No auge da crise que afeta o com\u00e9rcio de Itapetinga, mais duas lojas fecharam as suas portas nesta segunda-feira (30), encerrando as suas atividades na &#8216;Capital da Pecu\u00e1ria Baiana&#8217;. A loja de tecidos e confec\u00e7\u00f5es &#8216;Varej\u00e3o das F\u00e1bricas&#8217; e o Magazine Betesda, especializada no ramo de papelaria e material escolar. Segundo fonte ligada a umas [&hellip;]<\/p>\n","protected":false},"author":2,"featured_media":0,"comment_status":"open","ping_status":"open","sticky":false,"template":"","format":"standard","meta":{"footnotes":"","_links_to":"","_links_to_target":""},"categories":[1],"tags":[],"class_list":["post-57834","post","type-post","status-publish","format-standard","hentry","category-geral"],"views":4224,"_links":{"self":[{"href":"https:\/\/www.sudoestehoje.com.br\/novoportal\/wp-json\/wp\/v2\/posts\/57834","targetHints":{"allow":["GET"]}}],"collection":[{"href":"https:\/\/www.sudoestehoje.com.br\/novoportal\/wp-json\/wp\/v2\/posts"}],"about":[{"href":"https:\/\/www.sudoestehoje.com.br\/novoportal\/wp-json\/wp\/v2\/types\/post"}],"author":[{"embeddable":true,"href":"https:\/\/www.sudoestehoje.com.br\/novoportal\/wp-json\/wp\/v2\/users\/2"}],"replies":[{"embeddable":true,"href":"https:\/\/www.sudoestehoje.com.br\/novoportal\/wp-json\/wp\/v2\/comments?post=57834"}],"version-history":[{"count":3,"href":"https:\/\/www.sudoestehoje.com.br\/novoportal\/wp-json\/wp\/v2\/posts\/57834\/revisions"}],"predecessor-version":[{"id":57839,"href":"https:\/\/www.sudoestehoje.com.br\/novoportal\/wp-json\/wp\/v2\/posts\/57834\/revisions\/57839"}],"wp:attachment":[{"href":"https:\/\/www.sudoestehoje.com.br\/novoportal\/wp-json\/wp\/v2\/media?parent=57834"}],"wp:term":[{"taxonomy":"category","embeddable":true,"href":"https:\/\/www.sudoestehoje.com.br\/novoportal\/wp-json\/wp\/v2\/categories?post=57834"},{"taxonomy":"post_tag","embeddable":true,"href":"https:\/\/www.sudoestehoje.com.br\/novoportal\/wp-json\/wp\/v2\/tags?post=57834"}],"curies":[{"name":"wp","href":"https:\/\/api.w.org\/{rel}","templated":true}]}}