
{"id":57809,"date":"2016-05-28T19:31:38","date_gmt":"2016-05-28T22:31:38","guid":{"rendered":"http:\/\/www.sudoestehoje.com.br\/novoportal\/?p=57809"},"modified":"2016-05-28T22:42:22","modified_gmt":"2016-05-29T01:42:22","slug":"itapetinga-prefeito-descarta-realizacao-do-sao-joao-alegando-falta-de-recursos","status":"publish","type":"post","link":"https:\/\/www.sudoestehoje.com.br\/novoportal\/2016\/05\/28\/itapetinga-prefeito-descarta-realizacao-do-sao-joao-alegando-falta-de-recursos\/","title":{"rendered":"ITAPETINGA: PREFEITO DESCARTA REALIZA\u00c7\u00c3O DO S\u00c3O JO\u00c3O ALEGANDO FALTA DE RECURSOS"},"content":{"rendered":"<p><a href=\"http:\/\/www.sudoestehoje.com.br\/novoportal\/wp-content\/uploads\/2016\/05\/S\u00c3O-JO\u00c3O-DA-LAGOA.jpg\" rel=\"attachment wp-att-57810\"><img loading=\"lazy\" decoding=\"async\" class=\"aligncenter size-medium wp-image-57810\" src=\"http:\/\/www.sudoestehoje.com.br\/novoportal\/wp-content\/uploads\/2016\/05\/S\u00c3O-JO\u00c3O-DA-LAGOA-500x334.jpg\" alt=\"S\u00c3O JO\u00c3O DA LAGOA\" width=\"500\" height=\"334\" srcset=\"https:\/\/www.sudoestehoje.com.br\/novoportal\/wp-content\/uploads\/2016\/05\/S\u00c3O-JO\u00c3O-DA-LAGOA-500x334.jpg 500w, https:\/\/www.sudoestehoje.com.br\/novoportal\/wp-content\/uploads\/2016\/05\/S\u00c3O-JO\u00c3O-DA-LAGOA-768x513.jpg 768w, https:\/\/www.sudoestehoje.com.br\/novoportal\/wp-content\/uploads\/2016\/05\/S\u00c3O-JO\u00c3O-DA-LAGOA-700x467.jpg 700w, https:\/\/www.sudoestehoje.com.br\/novoportal\/wp-content\/uploads\/2016\/05\/S\u00c3O-JO\u00c3O-DA-LAGOA.jpg 800w\" sizes=\"auto, (max-width: 500px) 100vw, 500px\" \/><\/a><\/p>\n<p>O an\u00fancio oficial ainda n\u00e3o foi feito pelo prefeito Z\u00e9 Carlos, mas a decis\u00e3o j\u00e1 teria sido tomada pelo chefe do executivo, e a tradicional festa de S\u00e3o Jo\u00e3o de Itapetinga, realizada anualmente no Parque da Lagoa, est\u00e1 cancelada.<\/p>\n<p>Segundo assessores pr\u00f3ximos de Z\u00e9 Carlos, o prefeito est\u00e1 resistente em decorr\u00eancia da &#8220;falta de recursos&#8221;, o que tem impossibilitado at\u00e9 o pagamento em dia dos sal\u00e1rios dos servidores contratados e nomeados do munic\u00edpio, que j\u00e1 amargam entre 5 e 7 meses de atraso salarial.<\/p>\n<p>O Sudoeste Hoje apurou tamb\u00e9m que est\u00e1 havendo um esfor\u00e7o enorme por parte da CDL para que a festa aconte\u00e7a, mesmo com atra\u00e7\u00f5es mais modestas, como em 2015, mas Z\u00e9 Carlos j\u00e1 teria batido o martelo e cancelado os festejos juninos deste ano.<\/p>\n<p>Os empres\u00e1rios da festa de 2015, que trouxeram as atra\u00e7\u00f5es e alugaram som e palco, ainda amargam o calote dado pela prefeitura e se negam a firmar um novo contrato, enquanto Z\u00e9 Carlos n\u00e3o lhes pagar o que deve, algo em torno de R$ 350 mil. Apenas os cantores e bandas locais, bancados pela CDL, receberam seus cach\u00eas em dia, na festa do ano passado.<\/p>\n<p>Mesmo sendo este um ano eleitoral, a realiza\u00e7\u00e3o do S\u00e3o Jo\u00e3o da Lagoa est\u00e1 irremediavelmente comprometida, uma p\u00e9ssima not\u00edcia para quem curte a tradi\u00e7\u00e3o junina, e um golpe implac\u00e1vel no com\u00e9rcio local.<\/p>\n<p>Acabar com tudo, j\u00e1 se tornou a marca oficial do prefeito Z\u00e9 Carlos e sua fraca equipe de governo.<\/p>\n<p><strong><em>Por Davi Ferraz<\/em><\/strong><\/p>\n<p><img decoding=\"async\" class=\"aligncenter\" src=\"http:\/\/www.sudoestehoje.com.br\/novoportal\/wp-content\/uploads\/2014\/07\/Feira-do-Lar-1.png\" alt=\"Feira-do-Lar (1)\" \/><\/p>\n","protected":false},"excerpt":{"rendered":"<p>O an\u00fancio oficial ainda n\u00e3o foi feito pelo prefeito Z\u00e9 Carlos, mas a decis\u00e3o j\u00e1 teria sido tomada pelo chefe do executivo, e a tradicional festa de S\u00e3o Jo\u00e3o de Itapetinga, realizada anualmente no Parque da Lagoa, est\u00e1 cancelada. Segundo assessores pr\u00f3ximos de Z\u00e9 Carlos, o prefeito est\u00e1 resistente em decorr\u00eancia da &#8220;falta de recursos&#8221;, [&hellip;]<\/p>\n","protected":false},"author":2,"featured_media":0,"comment_status":"open","ping_status":"open","sticky":false,"template":"","format":"standard","meta":{"footnotes":"","_links_to":"","_links_to_target":""},"categories":[1],"tags":[],"class_list":["post-57809","post","type-post","status-publish","format-standard","hentry","category-geral"],"views":3995,"_links":{"self":[{"href":"https:\/\/www.sudoestehoje.com.br\/novoportal\/wp-json\/wp\/v2\/posts\/57809","targetHints":{"allow":["GET"]}}],"collection":[{"href":"https:\/\/www.sudoestehoje.com.br\/novoportal\/wp-json\/wp\/v2\/posts"}],"about":[{"href":"https:\/\/www.sudoestehoje.com.br\/novoportal\/wp-json\/wp\/v2\/types\/post"}],"author":[{"embeddable":true,"href":"https:\/\/www.sudoestehoje.com.br\/novoportal\/wp-json\/wp\/v2\/users\/2"}],"replies":[{"embeddable":true,"href":"https:\/\/www.sudoestehoje.com.br\/novoportal\/wp-json\/wp\/v2\/comments?post=57809"}],"version-history":[{"count":6,"href":"https:\/\/www.sudoestehoje.com.br\/novoportal\/wp-json\/wp\/v2\/posts\/57809\/revisions"}],"predecessor-version":[{"id":57827,"href":"https:\/\/www.sudoestehoje.com.br\/novoportal\/wp-json\/wp\/v2\/posts\/57809\/revisions\/57827"}],"wp:attachment":[{"href":"https:\/\/www.sudoestehoje.com.br\/novoportal\/wp-json\/wp\/v2\/media?parent=57809"}],"wp:term":[{"taxonomy":"category","embeddable":true,"href":"https:\/\/www.sudoestehoje.com.br\/novoportal\/wp-json\/wp\/v2\/categories?post=57809"},{"taxonomy":"post_tag","embeddable":true,"href":"https:\/\/www.sudoestehoje.com.br\/novoportal\/wp-json\/wp\/v2\/tags?post=57809"}],"curies":[{"name":"wp","href":"https:\/\/api.w.org\/{rel}","templated":true}]}}