
{"id":5779,"date":"2011-06-15T09:54:46","date_gmt":"2011-06-15T12:54:46","guid":{"rendered":"http:\/\/www.sudoestehoje.com.br\/novoportal\/?p=5779"},"modified":"2011-06-15T09:54:46","modified_gmt":"2011-06-15T12:54:46","slug":"wagner-vai-virar-cidadao-baiano","status":"publish","type":"post","link":"https:\/\/www.sudoestehoje.com.br\/novoportal\/2011\/06\/15\/wagner-vai-virar-cidadao-baiano\/","title":{"rendered":"WAGNER VAI VIRAR &#8216;CIDAD\u00c3O BAIANO&#8217;"},"content":{"rendered":"<p style=\"text-align: center;\"><strong><img loading=\"lazy\" decoding=\"async\" class=\"aligncenter\" src=\"http:\/\/www.bahianoticias.com.br\/fotos\/editor\/Image\/FOTOS%20NOVAS\/JaquesWagner-.jpg\" alt=\"\" width=\"180\" height=\"280\" \/><\/strong><\/p>\n<p style=\"text-align: center;\"><strong><em>Wagner \u00e9 carioca<\/em><\/strong><\/p>\n<p>\u00a0<\/p>\n<p>Um t\u00edtulo de cidad\u00e3o baiano trancado a sete chaves na gaveta da Mesa Diretora da Assembleia Legislativa da Bahia (AL-BA), h\u00e1 quase sete anos,\u00a0ser\u00e1 entregue ao agraciado. O detentor da homenagem, que \u00e9 dada a uma pessoa n\u00e3o nascida no estado e com relevante contribui\u00e7\u00e3o, \u00e9 nada mais nada menos que o governador da Bahia, Jaques Wagner (PT).<\/p>\n<p>O presidente da Casa, deputado Marcelo Nilo (PDT), informou em sua p\u00e1gina do\u00a0Twitter, na noite desta segunda-feira (13), que entregar\u00e1 a\u00a0condecora\u00e7\u00e3o no pr\u00f3ximo dia 30 de junho em uma solenidade na AL-BA. O projeto,\u00a0apresentado pela ent\u00e3o deputada estadual, hoje prefeita do munic\u00edpio de Lauro de Freitas, Moema Gramacho (PT), foi aprovado\u00a0no dia 22 de dezembro de 2004,\u00a0mas,\u00a0dois dias ap\u00f3s a sua\u00a0publica\u00e7\u00e3o, a cerim\u00f4nia\u00a0de entrega foi engavetada.<\/p>\n<p>O que deveria\u00a0ser um presente de Natal dos\u00a0partid\u00e1rios\u00a0baianos ao\u00a0ent\u00e3o ministro do Trabalho,\u00a0que nasceu no Rio de Janeiro e chegou ao estado em 1973, com 22 anos, finalmente ser\u00e1 entregue. BN<\/p>\n","protected":false},"excerpt":{"rendered":"<p>Wagner \u00e9 carioca \u00a0 Um t\u00edtulo de cidad\u00e3o baiano trancado a sete chaves na gaveta da Mesa Diretora da Assembleia Legislativa da Bahia (AL-BA), h\u00e1 quase sete anos,\u00a0ser\u00e1 entregue ao agraciado. O detentor da homenagem, que \u00e9 dada a uma pessoa n\u00e3o nascida no estado e com relevante contribui\u00e7\u00e3o, \u00e9 nada mais nada menos que [&hellip;]<\/p>\n","protected":false},"author":2,"featured_media":0,"comment_status":"open","ping_status":"open","sticky":false,"template":"","format":"standard","meta":{"footnotes":"","_links_to":"","_links_to_target":""},"categories":[1],"tags":[],"class_list":["post-5779","post","type-post","status-publish","format-standard","hentry","category-geral"],"views":1172,"_links":{"self":[{"href":"https:\/\/www.sudoestehoje.com.br\/novoportal\/wp-json\/wp\/v2\/posts\/5779","targetHints":{"allow":["GET"]}}],"collection":[{"href":"https:\/\/www.sudoestehoje.com.br\/novoportal\/wp-json\/wp\/v2\/posts"}],"about":[{"href":"https:\/\/www.sudoestehoje.com.br\/novoportal\/wp-json\/wp\/v2\/types\/post"}],"author":[{"embeddable":true,"href":"https:\/\/www.sudoestehoje.com.br\/novoportal\/wp-json\/wp\/v2\/users\/2"}],"replies":[{"embeddable":true,"href":"https:\/\/www.sudoestehoje.com.br\/novoportal\/wp-json\/wp\/v2\/comments?post=5779"}],"version-history":[{"count":1,"href":"https:\/\/www.sudoestehoje.com.br\/novoportal\/wp-json\/wp\/v2\/posts\/5779\/revisions"}],"predecessor-version":[{"id":5780,"href":"https:\/\/www.sudoestehoje.com.br\/novoportal\/wp-json\/wp\/v2\/posts\/5779\/revisions\/5780"}],"wp:attachment":[{"href":"https:\/\/www.sudoestehoje.com.br\/novoportal\/wp-json\/wp\/v2\/media?parent=5779"}],"wp:term":[{"taxonomy":"category","embeddable":true,"href":"https:\/\/www.sudoestehoje.com.br\/novoportal\/wp-json\/wp\/v2\/categories?post=5779"},{"taxonomy":"post_tag","embeddable":true,"href":"https:\/\/www.sudoestehoje.com.br\/novoportal\/wp-json\/wp\/v2\/tags?post=5779"}],"curies":[{"name":"wp","href":"https:\/\/api.w.org\/{rel}","templated":true}]}}