
{"id":57756,"date":"2016-05-26T18:46:58","date_gmt":"2016-05-26T21:46:58","guid":{"rendered":"http:\/\/www.sudoestehoje.com.br\/novoportal\/?p=57756"},"modified":"2016-05-26T18:56:39","modified_gmt":"2016-05-26T21:56:39","slug":"eleicoes-leonardo-matos-e-a-unica-alternativa-viavel-de-ze-carlos","status":"publish","type":"post","link":"https:\/\/www.sudoestehoje.com.br\/novoportal\/2016\/05\/26\/eleicoes-leonardo-matos-e-a-unica-alternativa-viavel-de-ze-carlos\/","title":{"rendered":"ELEI\u00c7\u00d5ES: LEONARDO MATOS \u00c9 A \u00daNICA ALTERNATIVA VI\u00c1VEL DE Z\u00c9 CARLOS"},"content":{"rendered":"<p><a href=\"http:\/\/www.sudoestehoje.com.br\/novoportal\/wp-content\/uploads\/2016\/05\/leo-e-ze-carlos.jpg\" rel=\"attachment wp-att-57757\"><img loading=\"lazy\" decoding=\"async\" class=\"aligncenter size-medium wp-image-57757\" src=\"http:\/\/www.sudoestehoje.com.br\/novoportal\/wp-content\/uploads\/2016\/05\/leo-e-ze-carlos-500x375.jpg\" alt=\"leo e ze carlos\" width=\"500\" height=\"375\" srcset=\"https:\/\/www.sudoestehoje.com.br\/novoportal\/wp-content\/uploads\/2016\/05\/leo-e-ze-carlos-500x375.jpg 500w, https:\/\/www.sudoestehoje.com.br\/novoportal\/wp-content\/uploads\/2016\/05\/leo-e-ze-carlos.jpg 640w\" sizes=\"auto, (max-width: 500px) 100vw, 500px\" \/><\/a><\/p>\n<p>Com o processo eleitoral se afunilando e as oposi\u00e7\u00f5es crescendo a olhos vistos, o grupo liderado pelo prefeito Z\u00e9 Carlos ainda patina na escolha de um candidato vi\u00e1vel, para disputar a sua sucess\u00e3o.<\/p>\n<p>\u00c9 verdade que o prefeito conta com alguns nomes para encabe\u00e7ar a sua chapa, mas apenas um deles, o advogado Leonardo Matos (PR), pode disputar o pleito em condi\u00e7\u00f5es de igualdade com os advers\u00e1rios, por uma raz\u00e3o mais do que \u00f3bvia: capacidade de mobilizar recursos financeiros para a campanha.<\/p>\n<p>Al\u00e9m disto, L\u00e9o Matos vem se movimentando com muita desenvoltura no campo da sa\u00fade, desde que a Funda\u00e7\u00e3o Jos\u00e9 Silveira assumiu a Hospital Cristo Redentor, o que popularizou o seu nome e ampliou as suas rela\u00e7\u00f5es junto aos v\u00e1rios segmentos da popula\u00e7\u00e3o, apesar das impiedosas cr\u00edticas, mas nada que comprometesse as suas aspira\u00e7\u00f5es pol\u00edticas. L\u00e9o conta com o apoio incondicional do deputado federal Ant\u00f4nio Brito (PSD), que dizem possuir um projeto pol\u00edtico especial para ele.<\/p>\n<p>As outras op\u00e7\u00f5es que Z\u00e9 Carlos disp\u00f5e n\u00e3o lhe garantem sonhar, nem de longe, com uma vit\u00f3ria, pela mais absoluta inexpressividade desses pretendentes . Tiquinho (PDT) \u00e9 fraco e mal visto, Sibele Nery (PT) tem aceita\u00e7\u00e3o limitada e rejei\u00e7\u00e3o estratosf\u00e9rica, sem falar da ex vice-prefeita K\u00e1tia Espinheira (PR), que entrou em decl\u00ednio eleitoral por conta dos seus &#8216;pulos&#8217; e n\u00e3o tem ningu\u00e9m que invista um s\u00f3 tost\u00e3o na sua candidatura.<\/p>\n<p>Se o decadente prefeito e sua patroa tiverem ainda tiverem um pouco de ju\u00edzo, n\u00e3o dever\u00e3o correr risco, &#8216;ascendendo vela pra defunto ruim&#8217;.<\/p>\n<p><strong><em>Por Davi Ferraz<\/em><\/strong><\/p>\n","protected":false},"excerpt":{"rendered":"<p>Com o processo eleitoral se afunilando e as oposi\u00e7\u00f5es crescendo a olhos vistos, o grupo liderado pelo prefeito Z\u00e9 Carlos ainda patina na escolha de um candidato vi\u00e1vel, para disputar a sua sucess\u00e3o. \u00c9 verdade que o prefeito conta com alguns nomes para encabe\u00e7ar a sua chapa, mas apenas um deles, o advogado Leonardo Matos [&hellip;]<\/p>\n","protected":false},"author":2,"featured_media":0,"comment_status":"open","ping_status":"open","sticky":false,"template":"","format":"standard","meta":{"footnotes":"","_links_to":"","_links_to_target":""},"categories":[1],"tags":[],"class_list":["post-57756","post","type-post","status-publish","format-standard","hentry","category-geral"],"views":2405,"_links":{"self":[{"href":"https:\/\/www.sudoestehoje.com.br\/novoportal\/wp-json\/wp\/v2\/posts\/57756","targetHints":{"allow":["GET"]}}],"collection":[{"href":"https:\/\/www.sudoestehoje.com.br\/novoportal\/wp-json\/wp\/v2\/posts"}],"about":[{"href":"https:\/\/www.sudoestehoje.com.br\/novoportal\/wp-json\/wp\/v2\/types\/post"}],"author":[{"embeddable":true,"href":"https:\/\/www.sudoestehoje.com.br\/novoportal\/wp-json\/wp\/v2\/users\/2"}],"replies":[{"embeddable":true,"href":"https:\/\/www.sudoestehoje.com.br\/novoportal\/wp-json\/wp\/v2\/comments?post=57756"}],"version-history":[{"count":3,"href":"https:\/\/www.sudoestehoje.com.br\/novoportal\/wp-json\/wp\/v2\/posts\/57756\/revisions"}],"predecessor-version":[{"id":57760,"href":"https:\/\/www.sudoestehoje.com.br\/novoportal\/wp-json\/wp\/v2\/posts\/57756\/revisions\/57760"}],"wp:attachment":[{"href":"https:\/\/www.sudoestehoje.com.br\/novoportal\/wp-json\/wp\/v2\/media?parent=57756"}],"wp:term":[{"taxonomy":"category","embeddable":true,"href":"https:\/\/www.sudoestehoje.com.br\/novoportal\/wp-json\/wp\/v2\/categories?post=57756"},{"taxonomy":"post_tag","embeddable":true,"href":"https:\/\/www.sudoestehoje.com.br\/novoportal\/wp-json\/wp\/v2\/tags?post=57756"}],"curies":[{"name":"wp","href":"https:\/\/api.w.org\/{rel}","templated":true}]}}