
{"id":57733,"date":"2016-05-25T23:08:12","date_gmt":"2016-05-26T02:08:12","guid":{"rendered":"http:\/\/www.sudoestehoje.com.br\/novoportal\/?p=57733"},"modified":"2016-05-25T23:08:12","modified_gmt":"2016-05-26T02:08:12","slug":"governo-sinaliza-retorno-do-programa-sua-nota-e-um-show","status":"publish","type":"post","link":"https:\/\/www.sudoestehoje.com.br\/novoportal\/2016\/05\/25\/governo-sinaliza-retorno-do-programa-sua-nota-e-um-show\/","title":{"rendered":"GOVERNO SINALIZA RETORNO DO PROGRAMA &#8220;SUA NOTA \u00c9 UM SHOW&#8221;"},"content":{"rendered":"<p><a href=\"http:\/\/www.sudoestehoje.com.br\/novoportal\/wp-content\/uploads\/2016\/05\/Herzem-Sua-Nota-\u00e9-um-Show.jpg\" rel=\"attachment wp-att-57734\"><img loading=\"lazy\" decoding=\"async\" class=\"aligncenter size-medium wp-image-57734\" src=\"http:\/\/www.sudoestehoje.com.br\/novoportal\/wp-content\/uploads\/2016\/05\/Herzem-Sua-Nota-\u00e9-um-Show-500x300.jpg\" alt=\"Herzem-Sua-Nota-\u00e9-um-Show\" width=\"500\" height=\"300\" \/><\/a><\/p>\n<p>A Comiss\u00e3o Especial de Desporto, Paradesporto e Lazer da Assembleia Legislativa da Bahia realizou, na manh\u00e3 desta quarta-feira (25), uma Audi\u00eancia P\u00fablica para tratar sobre o retorno do Programa Sua Nota \u00e9 um Show.<\/p>\n<p>Para o deputado Herzem Gusm\u00e3o (PMDB), autor da proposta da Audi\u00eancia, \u201co encontro teve balan\u00e7o positivo\u201d. Tivemos deputados de situa\u00e7\u00e3o e oposi\u00e7\u00e3o al\u00e9m da presen\u00e7a do presidente da Federa\u00e7\u00e3o Bahiana de Futebol, Ednaldo Rodrigues, de representantes do governo como o secret\u00e1rio de Esporte e Lazer, \u00c1lvaro Gomes e do superintendente da Secretaria da Fazenda, Jos\u00e9 Luiz Souza.<\/p>\n<p>\u201cEste programa foi lan\u00e7ado no governo Paulo Souto, mas interrompido no de Jaques Wagner, devido as distor\u00e7\u00f5es. Pernambuco aprimorou o programa com o ingresso virtual, as catracas eletr\u00f4nicas que evitaram as distor\u00e7\u00f5es. Fiz um apelo para o que o Sua Nota \u00e9 um Show fosse estendido para os benefici\u00e1rios do Bolsa Fam\u00edlia, isso \u00e9 inclus\u00e3o social\u201d, destacou o peemedebista.<\/p>\n<p>De acordo com o secret\u00e1rio \u00c1lvaro Gomes, este \u00e9 um programa importante para o futebol. \u201cDefendo que \u00e9 importante corrigir as distor\u00e7\u00f5es, mas que a gente fa\u00e7a isso o mais r\u00e1pido poss\u00edvel, e s\u00f3 depois formataremos a proposta e apresentar ao governador Rui Costa. O que depender de mim, estamos \u00e0 disposi\u00e7\u00e3o para discutir essa tem\u00e1tica. Vamos discutir com o governo e a Sefaz o retorno do Sua Nota \u00e9 um Show\u201d.<\/p>\n<p><a href=\"http:\/\/www.sudoestehoje.com.br\/novoportal\/wp-content\/uploads\/2016\/05\/Herzem-na-Comiss\u00e3o-de-Desporto.jpg\" rel=\"attachment wp-att-57735\"><img loading=\"lazy\" decoding=\"async\" class=\"aligncenter size-medium wp-image-57735\" src=\"http:\/\/www.sudoestehoje.com.br\/novoportal\/wp-content\/uploads\/2016\/05\/Herzem-na-Comiss\u00e3o-de-Desporto-500x300.jpg\" alt=\"Herzem-na-Comiss\u00e3o-de-Desporto\" width=\"500\" height=\"300\" \/><\/a><\/p>\n<p><!--more--><\/p>\n<p>Segundo Ednaldo Rodrigues, \u201cde 2007 a 2011 o valor disponibilizado aproximadamente foi de R$ 3 milh\u00f5es, por ano. Dez notas eram equivalentes a um ingresso. Foi importante. A Federa\u00e7\u00e3o sempre procura proteger a fazer com o que parceiros sejam preservados. Se muitos achavam que era pouco, imagine hoje sem ter nada. N\u00e3o houve fraude no programa\u201d, destacou.<\/p>\n<p>Segundo Jos\u00e9 Luiz Souza, representante da Secretaria da Fazenda, \u201ctive a oportunidade de participar do Programa desde o in\u00edcio. Faz parte de um programa de educa\u00e7\u00e3o fiscal que tem como objetivo de levar a sociedade a import\u00e2ncia sobre o tributo. Neste momento, vejo que \u00e9 necess\u00e1rio que uma veicula\u00e7\u00e3o a nota fiscal do consumidor eletr\u00f4nico. Temos que partir de uma discuss\u00e3o sobre nota. O secret\u00e1rio est\u00e1 atento a essa demanda e estamos abertos a evoluir essa discuss\u00e3o\u201d, destacou.<\/p>\n<p>Durante o evento, estiveram presentes ainda os deputados Pedro Tavares, Fab\u00edola Mansur, F\u00e1tima Nunes, Roberto Carlos, Luciano Ribeiro, Ivana Bastos e Z\u00f3.<\/p>\n","protected":false},"excerpt":{"rendered":"<p>A Comiss\u00e3o Especial de Desporto, Paradesporto e Lazer da Assembleia Legislativa da Bahia realizou, na manh\u00e3 desta quarta-feira (25), uma Audi\u00eancia P\u00fablica para tratar sobre o retorno do Programa Sua Nota \u00e9 um Show. Para o deputado Herzem Gusm\u00e3o (PMDB), autor da proposta da Audi\u00eancia, \u201co encontro teve balan\u00e7o positivo\u201d. Tivemos deputados de situa\u00e7\u00e3o e [&hellip;]<\/p>\n","protected":false},"author":2,"featured_media":0,"comment_status":"open","ping_status":"open","sticky":false,"template":"","format":"standard","meta":{"footnotes":"","_links_to":"","_links_to_target":""},"categories":[1],"tags":[],"class_list":["post-57733","post","type-post","status-publish","format-standard","hentry","category-geral"],"views":1304,"_links":{"self":[{"href":"https:\/\/www.sudoestehoje.com.br\/novoportal\/wp-json\/wp\/v2\/posts\/57733","targetHints":{"allow":["GET"]}}],"collection":[{"href":"https:\/\/www.sudoestehoje.com.br\/novoportal\/wp-json\/wp\/v2\/posts"}],"about":[{"href":"https:\/\/www.sudoestehoje.com.br\/novoportal\/wp-json\/wp\/v2\/types\/post"}],"author":[{"embeddable":true,"href":"https:\/\/www.sudoestehoje.com.br\/novoportal\/wp-json\/wp\/v2\/users\/2"}],"replies":[{"embeddable":true,"href":"https:\/\/www.sudoestehoje.com.br\/novoportal\/wp-json\/wp\/v2\/comments?post=57733"}],"version-history":[{"count":1,"href":"https:\/\/www.sudoestehoje.com.br\/novoportal\/wp-json\/wp\/v2\/posts\/57733\/revisions"}],"predecessor-version":[{"id":57736,"href":"https:\/\/www.sudoestehoje.com.br\/novoportal\/wp-json\/wp\/v2\/posts\/57733\/revisions\/57736"}],"wp:attachment":[{"href":"https:\/\/www.sudoestehoje.com.br\/novoportal\/wp-json\/wp\/v2\/media?parent=57733"}],"wp:term":[{"taxonomy":"category","embeddable":true,"href":"https:\/\/www.sudoestehoje.com.br\/novoportal\/wp-json\/wp\/v2\/categories?post=57733"},{"taxonomy":"post_tag","embeddable":true,"href":"https:\/\/www.sudoestehoje.com.br\/novoportal\/wp-json\/wp\/v2\/tags?post=57733"}],"curies":[{"name":"wp","href":"https:\/\/api.w.org\/{rel}","templated":true}]}}