
{"id":5768,"date":"2011-06-15T00:44:48","date_gmt":"2011-06-15T03:44:48","guid":{"rendered":"http:\/\/www.sudoestehoje.com.br\/novoportal\/?p=5768"},"modified":"2011-06-15T00:44:48","modified_gmt":"2011-06-15T03:44:48","slug":"mudanca-na-direc-14","status":"publish","type":"post","link":"https:\/\/www.sudoestehoje.com.br\/novoportal\/2011\/06\/15\/mudanca-na-direc-14\/","title":{"rendered":"MUDAN\u00c7A NA DIREC 14"},"content":{"rendered":"<p style=\"text-align: center;\"><a id=\"apf5\" href=\"http:\/\/www.google.com.br\/imgres?imgurl=http:\/\/objetos.radiometropole.com.br\/arquivos_editor\/otto-alencar.jpg&amp;imgrefurl=http:\/\/www.radiometropole.com.br\/index_noticias.php%3Fid%3DVGtSck1rOVVSVDA9&amp;usg=__Ms2mgPAvZJGl8WUbRpttNeSWDTc=&amp;h=251&amp;w=250&amp;sz=14&amp;hl=pt-BR&amp;start=26&amp;zoom=1&amp;um=1&amp;itbs=1&amp;tbnid=tlyCG53H7m9G7M:&amp;tbnh=111&amp;tbnw=111&amp;prev=\/search%3Fq%3Dotto%2Balencar%26start%3D20%26um%3D1%26hl%3Dpt-BR%26sa%3DN%26biw%3D1259%26bih%3D646%26rlz%3D1R2SKPB_pt-BRBR354%26ndsp%3D20%26tbm%3Disch&amp;ei=Air4Ta7KBMOdgQept5HmCw\"><img loading=\"lazy\" decoding=\"async\" id=\"ipftlyCG53H7m9G7M:\" class=\"aligncenter\" src=\"http:\/\/t2.gstatic.com\/images?q=tbn:ANd9GcQFMOOagIJmekxTPU2SZlV7RQqQSYRdmJVk1hHFM_cGz01677y7GgxSPg\" alt=\"\" width=\"111\" height=\"111\" \/><\/a><\/p>\n<p>O novo esquema de divis\u00e3o dos cargos de confian\u00e7a do governo chega finalmente\u00a0a Itapetinga, mas com uma novidade. O ex-prefeito de Itarantim, C\u00edcero Alencar, vai emplacar uma das coordena\u00e7\u00f5es da Direc 14, na cota do seu irm\u00e3o, o vice-governador Otto Alencar. A nova coordenadora vem de Itarantim, cidade onde &#8216;Ci\u00e7\u00e3o&#8217; pretende se candidatar a prefeito. Deixa o cargo uma\u00a0das protegidas de Rosemberg Pinto, importada de Itoror\u00f3.<\/p>\n","protected":false},"excerpt":{"rendered":"<p>O novo esquema de divis\u00e3o dos cargos de confian\u00e7a do governo chega finalmente\u00a0a Itapetinga, mas com uma novidade. O ex-prefeito de Itarantim, C\u00edcero Alencar, vai emplacar uma das coordena\u00e7\u00f5es da Direc 14, na cota do seu irm\u00e3o, o vice-governador Otto Alencar. A nova coordenadora vem de Itarantim, cidade onde &#8216;Ci\u00e7\u00e3o&#8217; pretende se candidatar a prefeito. [&hellip;]<\/p>\n","protected":false},"author":2,"featured_media":0,"comment_status":"open","ping_status":"open","sticky":false,"template":"","format":"standard","meta":{"footnotes":"","_links_to":"","_links_to_target":""},"categories":[11],"tags":[],"class_list":["post-5768","post","type-post","status-publish","format-standard","hentry","category-quentinhas"],"views":1225,"_links":{"self":[{"href":"https:\/\/www.sudoestehoje.com.br\/novoportal\/wp-json\/wp\/v2\/posts\/5768","targetHints":{"allow":["GET"]}}],"collection":[{"href":"https:\/\/www.sudoestehoje.com.br\/novoportal\/wp-json\/wp\/v2\/posts"}],"about":[{"href":"https:\/\/www.sudoestehoje.com.br\/novoportal\/wp-json\/wp\/v2\/types\/post"}],"author":[{"embeddable":true,"href":"https:\/\/www.sudoestehoje.com.br\/novoportal\/wp-json\/wp\/v2\/users\/2"}],"replies":[{"embeddable":true,"href":"https:\/\/www.sudoestehoje.com.br\/novoportal\/wp-json\/wp\/v2\/comments?post=5768"}],"version-history":[{"count":2,"href":"https:\/\/www.sudoestehoje.com.br\/novoportal\/wp-json\/wp\/v2\/posts\/5768\/revisions"}],"predecessor-version":[{"id":5770,"href":"https:\/\/www.sudoestehoje.com.br\/novoportal\/wp-json\/wp\/v2\/posts\/5768\/revisions\/5770"}],"wp:attachment":[{"href":"https:\/\/www.sudoestehoje.com.br\/novoportal\/wp-json\/wp\/v2\/media?parent=5768"}],"wp:term":[{"taxonomy":"category","embeddable":true,"href":"https:\/\/www.sudoestehoje.com.br\/novoportal\/wp-json\/wp\/v2\/categories?post=5768"},{"taxonomy":"post_tag","embeddable":true,"href":"https:\/\/www.sudoestehoje.com.br\/novoportal\/wp-json\/wp\/v2\/tags?post=5768"}],"curies":[{"name":"wp","href":"https:\/\/api.w.org\/{rel}","templated":true}]}}