
{"id":57661,"date":"2016-05-21T21:49:08","date_gmt":"2016-05-22T00:49:08","guid":{"rendered":"http:\/\/www.sudoestehoje.com.br\/novoportal\/?p=57661"},"modified":"2016-05-21T21:49:08","modified_gmt":"2016-05-22T00:49:08","slug":"ze-elias-uma-chapa-formada-por-adriano-e-rodrigo-nao-pode-ser-descartada","status":"publish","type":"post","link":"https:\/\/www.sudoestehoje.com.br\/novoportal\/2016\/05\/21\/ze-elias-uma-chapa-formada-por-adriano-e-rodrigo-nao-pode-ser-descartada\/","title":{"rendered":"Z\u00c9 ELIAS: &#8220;UMA CHAPA FORMADA POR ADRIANO E RODRIGO N\u00c3O PODE SER DESCARTADA&#8221;"},"content":{"rendered":"<p><a href=\"http:\/\/www.sudoestehoje.com.br\/novoportal\/wp-content\/uploads\/2016\/05\/jose-elias.jpg\" rel=\"attachment wp-att-57244\"><img loading=\"lazy\" decoding=\"async\" class=\"size-full wp-image-57244 alignleft\" src=\"http:\/\/www.sudoestehoje.com.br\/novoportal\/wp-content\/uploads\/2016\/05\/jose-elias.jpg\" alt=\"jose elias\" width=\"190\" height=\"193\" \/><\/a>A realiza\u00e7\u00e3o da festa agropecu\u00e1ria colocou em evidencia o presidente do Sindicato Rural Adriano Alc\u00e2ntara,\u00a0ao ponto de seus correligion\u00e1rios mais euf\u00f3ricos alimentarem esperan\u00e7a de que \u00e9 poss\u00edvel um acordo com o PMDB, para lan\u00e7amento de uma chapa Adriano e Rodrigo.<\/p>\n<p>Os idealizadores da candidatura de Adriano trabalham incansavelmente para mostrar aos eleitores que a excelente administra\u00e7\u00e3o realizada no Sindicato pode ser transportada para a prefeitura. Essa \u00e9 uma t\u00e1tica pouco utilizada na politica onde quase sempre se procura uma pessoa popular com ideias populistas para disputar elei\u00e7\u00e3o.<\/p>\n<p>Algumas dificuldades precisam ser superadas para o projeto Adriano dar certo: como convencer o DEM de n\u00e3o lan\u00e7ar candidato e participar apenas como coadjuvante e como convencer o PMDB de abrir m\u00e3o de ser cabe\u00e7a de chapa?<\/p>\n<p>Existe um forte sentimento na popula\u00e7\u00e3o de efetuar uma profunda mudan\u00e7a na politica municipal. Um candidato desvinculado do desgaste natural da a\u00e7\u00e3o politico partid\u00e1ria, normalmente teria mais condi\u00e7\u00f5es de unir em torno de si partidos e lideran\u00e7as at\u00e9 pouco tempo antag\u00f4nicas.<\/p>\n<p>Pesquisas oficiosas mostram um quadro politico inconclusivo, sobre qual candidato representa melhor o eleitor que se declara em oposi\u00e7\u00e3o ao governo municipal.<\/p>\n<p>N\u00e3o havendo uma candidatura que se imponha por press\u00e3o popular, apresentando em pesquisas \u00edndices que n\u00e3o podem ser refutados, escolher um candidato com menor rejei\u00e7\u00e3o do eleitorado, pode ser a solu\u00e7\u00e3o para o imbr\u00f3glio atual em que se encontram os opositores do prefeito.<\/p>\n<p>Uma chapa formada por Adriano e Rodrigo, n\u00e3o pode ser considera como &#8220;zebra&#8221;, j\u00e1 que nada est\u00e1 descartado e definido.<\/p>\n<p><strong><em>Por Jos\u00e9 Elias Ribeiro<\/em><\/strong><\/p>\n","protected":false},"excerpt":{"rendered":"<p>A realiza\u00e7\u00e3o da festa agropecu\u00e1ria colocou em evidencia o presidente do Sindicato Rural Adriano Alc\u00e2ntara,\u00a0ao ponto de seus correligion\u00e1rios mais euf\u00f3ricos alimentarem esperan\u00e7a de que \u00e9 poss\u00edvel um acordo com o PMDB, para lan\u00e7amento de uma chapa Adriano e Rodrigo. Os idealizadores da candidatura de Adriano trabalham incansavelmente para mostrar aos eleitores que a excelente [&hellip;]<\/p>\n","protected":false},"author":2,"featured_media":0,"comment_status":"open","ping_status":"open","sticky":false,"template":"","format":"standard","meta":{"footnotes":"","_links_to":"","_links_to_target":""},"categories":[1],"tags":[],"class_list":["post-57661","post","type-post","status-publish","format-standard","hentry","category-geral"],"views":1648,"_links":{"self":[{"href":"https:\/\/www.sudoestehoje.com.br\/novoportal\/wp-json\/wp\/v2\/posts\/57661","targetHints":{"allow":["GET"]}}],"collection":[{"href":"https:\/\/www.sudoestehoje.com.br\/novoportal\/wp-json\/wp\/v2\/posts"}],"about":[{"href":"https:\/\/www.sudoestehoje.com.br\/novoportal\/wp-json\/wp\/v2\/types\/post"}],"author":[{"embeddable":true,"href":"https:\/\/www.sudoestehoje.com.br\/novoportal\/wp-json\/wp\/v2\/users\/2"}],"replies":[{"embeddable":true,"href":"https:\/\/www.sudoestehoje.com.br\/novoportal\/wp-json\/wp\/v2\/comments?post=57661"}],"version-history":[{"count":1,"href":"https:\/\/www.sudoestehoje.com.br\/novoportal\/wp-json\/wp\/v2\/posts\/57661\/revisions"}],"predecessor-version":[{"id":57662,"href":"https:\/\/www.sudoestehoje.com.br\/novoportal\/wp-json\/wp\/v2\/posts\/57661\/revisions\/57662"}],"wp:attachment":[{"href":"https:\/\/www.sudoestehoje.com.br\/novoportal\/wp-json\/wp\/v2\/media?parent=57661"}],"wp:term":[{"taxonomy":"category","embeddable":true,"href":"https:\/\/www.sudoestehoje.com.br\/novoportal\/wp-json\/wp\/v2\/categories?post=57661"},{"taxonomy":"post_tag","embeddable":true,"href":"https:\/\/www.sudoestehoje.com.br\/novoportal\/wp-json\/wp\/v2\/tags?post=57661"}],"curies":[{"name":"wp","href":"https:\/\/api.w.org\/{rel}","templated":true}]}}