
{"id":57639,"date":"2016-05-21T11:26:17","date_gmt":"2016-05-21T14:26:17","guid":{"rendered":"http:\/\/www.sudoestehoje.com.br\/novoportal\/?p=57639"},"modified":"2016-05-21T11:31:32","modified_gmt":"2016-05-21T14:31:32","slug":"vereadores-na-corda-bamba","status":"publish","type":"post","link":"https:\/\/www.sudoestehoje.com.br\/novoportal\/2016\/05\/21\/vereadores-na-corda-bamba\/","title":{"rendered":"VEREADORES NA CORDA BAMBA"},"content":{"rendered":"<p><a href=\"http:\/\/www.sudoestehoje.com.br\/novoportal\/wp-content\/uploads\/2016\/05\/Vereadores-de-Itapetinga.png\" rel=\"attachment wp-att-57640\"><img loading=\"lazy\" decoding=\"async\" class=\"aligncenter wp-image-57640\" src=\"http:\/\/www.sudoestehoje.com.br\/novoportal\/wp-content\/uploads\/2016\/05\/Vereadores-de-Itapetinga-500x426.png\" alt=\"Vereadores-de-Itapetinga\" width=\"230\" height=\"196\" srcset=\"https:\/\/www.sudoestehoje.com.br\/novoportal\/wp-content\/uploads\/2016\/05\/Vereadores-de-Itapetinga-500x426.png 500w, https:\/\/www.sudoestehoje.com.br\/novoportal\/wp-content\/uploads\/2016\/05\/Vereadores-de-Itapetinga-700x597.png 700w, https:\/\/www.sudoestehoje.com.br\/novoportal\/wp-content\/uploads\/2016\/05\/Vereadores-de-Itapetinga.png 718w\" sizes=\"auto, (max-width: 230px) 100vw, 230px\" \/><\/a><\/p>\n<p>Alguns vereadores que formam hoje o bloco de oposi\u00e7\u00e3o na c\u00e2mara, est\u00e3o com s\u00e9rias dificuldades para se reelegerem. Com as composi\u00e7\u00f5es e coliga\u00e7\u00f5es ainda indefinidas, muita gente boa pode sobrar, abrindo vagas para os novos aventureiros. Isto pode baixar o n\u00edvel da c\u00e2mara, que j\u00e1 \u00e9 o pior da hist\u00f3ria.\u00a0DEM e PCdoB ter\u00e3o dificuldades para reeleger seus vereadores, enquanto o PMDB t\u00e1 mais tranquilo. O vereador Marc\u00e3o, ex-PT e agora Rede, tem que botar sebo nas canelas.<\/p>\n<p>OS PIORES NA BOA<\/p>\n<p>Como a elei\u00e7\u00e3o de vereador \u00e9 marcada pela compra escancarada de votos, os da bancada da gasolina, empregos e di\u00e1rias t\u00eam mais chance de reeleger do que os vereadores considerados \u00e9ticos, por raz\u00f5es mais do que obvias. Valdeir, Valquir\u00e3o, Amaral e N\u00eddia n\u00e3o merecem ganhar, mas v\u00e3o contar com o dinheiro e a maquina da prefeitura. Assim fica f\u00e1cil.<\/p>\n<p>OS SEM ESPERAN\u00c7A<\/p>\n<p>Na bancada do prefeito, Neide, Z\u00e9 Antunes, Jo\u00e3o Carlos e Z\u00e9 Roberto n\u00e3o encontrar\u00e3o moleza. S\u00e3o muito fracos e detestados pela popula\u00e7\u00e3o. Z\u00e9 Roberto, pelo menos, tem grana e pode se safar. Os outros, s\u00f3 milagre. Neide n\u00e3o tem mais o apoio de Jo\u00e3o Monte e teve atua\u00e7\u00e3o med\u00edocre. Z\u00e9 Antunes \u00e9 inexpressivo e n\u00e3o tem mais o apoio do grupo do prefeito. Pode sobrar tamb\u00e9m.<\/p>\n<p>FORA DA DISPUTA<\/p>\n<p>O vereador Alfredo Cabral (PSD), um dos mais atuantes da atual c\u00e2mara, tem afirmado que n\u00e3o vai mais disputar a reelei\u00e7\u00e3o, o que \u00e9 uma pena. Se mudar de ideia e for candidato, ganha com a m\u00e3o nas costas.<\/p>\n","protected":false},"excerpt":{"rendered":"<p>Alguns vereadores que formam hoje o bloco de oposi\u00e7\u00e3o na c\u00e2mara, est\u00e3o com s\u00e9rias dificuldades para se reelegerem. Com as composi\u00e7\u00f5es e coliga\u00e7\u00f5es ainda indefinidas, muita gente boa pode sobrar, abrindo vagas para os novos aventureiros. Isto pode baixar o n\u00edvel da c\u00e2mara, que j\u00e1 \u00e9 o pior da hist\u00f3ria.\u00a0DEM e PCdoB ter\u00e3o dificuldades para [&hellip;]<\/p>\n","protected":false},"author":2,"featured_media":0,"comment_status":"open","ping_status":"open","sticky":false,"template":"","format":"standard","meta":{"footnotes":"","_links_to":"","_links_to_target":""},"categories":[11],"tags":[],"class_list":["post-57639","post","type-post","status-publish","format-standard","hentry","category-quentinhas"],"views":2340,"_links":{"self":[{"href":"https:\/\/www.sudoestehoje.com.br\/novoportal\/wp-json\/wp\/v2\/posts\/57639","targetHints":{"allow":["GET"]}}],"collection":[{"href":"https:\/\/www.sudoestehoje.com.br\/novoportal\/wp-json\/wp\/v2\/posts"}],"about":[{"href":"https:\/\/www.sudoestehoje.com.br\/novoportal\/wp-json\/wp\/v2\/types\/post"}],"author":[{"embeddable":true,"href":"https:\/\/www.sudoestehoje.com.br\/novoportal\/wp-json\/wp\/v2\/users\/2"}],"replies":[{"embeddable":true,"href":"https:\/\/www.sudoestehoje.com.br\/novoportal\/wp-json\/wp\/v2\/comments?post=57639"}],"version-history":[{"count":3,"href":"https:\/\/www.sudoestehoje.com.br\/novoportal\/wp-json\/wp\/v2\/posts\/57639\/revisions"}],"predecessor-version":[{"id":57643,"href":"https:\/\/www.sudoestehoje.com.br\/novoportal\/wp-json\/wp\/v2\/posts\/57639\/revisions\/57643"}],"wp:attachment":[{"href":"https:\/\/www.sudoestehoje.com.br\/novoportal\/wp-json\/wp\/v2\/media?parent=57639"}],"wp:term":[{"taxonomy":"category","embeddable":true,"href":"https:\/\/www.sudoestehoje.com.br\/novoportal\/wp-json\/wp\/v2\/categories?post=57639"},{"taxonomy":"post_tag","embeddable":true,"href":"https:\/\/www.sudoestehoje.com.br\/novoportal\/wp-json\/wp\/v2\/tags?post=57639"}],"curies":[{"name":"wp","href":"https:\/\/api.w.org\/{rel}","templated":true}]}}