
{"id":57636,"date":"2016-05-21T10:48:37","date_gmt":"2016-05-21T13:48:37","guid":{"rendered":"http:\/\/www.sudoestehoje.com.br\/novoportal\/?p=57636"},"modified":"2016-05-21T10:48:37","modified_gmt":"2016-05-21T13:48:37","slug":"sibele-enquadra-andre-e-rosemberg","status":"publish","type":"post","link":"https:\/\/www.sudoestehoje.com.br\/novoportal\/2016\/05\/21\/sibele-enquadra-andre-e-rosemberg\/","title":{"rendered":"SIBELE ENQUADRA ANDR\u00c9 E ROSEMBERG"},"content":{"rendered":"<p><a href=\"http:\/\/www.sudoestehoje.com.br\/novoportal\/wp-content\/uploads\/2016\/05\/andre.jpg\" rel=\"attachment wp-att-57637\"><img loading=\"lazy\" decoding=\"async\" class=\"aligncenter  wp-image-57637\" src=\"http:\/\/www.sudoestehoje.com.br\/novoportal\/wp-content\/uploads\/2016\/05\/andre-500x516.jpg\" alt=\"andre\" width=\"230\" height=\"237\" srcset=\"https:\/\/www.sudoestehoje.com.br\/novoportal\/wp-content\/uploads\/2016\/05\/andre-500x516.jpg 500w, https:\/\/www.sudoestehoje.com.br\/novoportal\/wp-content\/uploads\/2016\/05\/andre-768x793.jpg 768w, https:\/\/www.sudoestehoje.com.br\/novoportal\/wp-content\/uploads\/2016\/05\/andre-700x723.jpg 700w, https:\/\/www.sudoestehoje.com.br\/novoportal\/wp-content\/uploads\/2016\/05\/andre.jpg 930w\" sizes=\"auto, (max-width: 230px) 100vw, 230px\" \/><\/a><\/p>\n<p>H\u00e1 mais de um ano que o deputado Rosemberg vem alimentando o desejo da ex-secret\u00e1ria Sibele Nery de se candidatar a prefeita, como nome exclusivo do PT. \u00a0Os petistas aderiram e fecharam quest\u00e3o. O problema \u00e9 a resist\u00eancia de Z\u00e9 Carlos, que tem outras prefer\u00eancias. Esta semana os petistas deram uma recuada e admitiram apoiar outros nomes, como o do indesej\u00e1vel Tiquinho, K\u00e1tia Espinheira e Leo Matos. Andr\u00e9 Dantas, assessor de Rosemberg, admitiu o recuo, mas Sibele foi pra cima e fez o bravo &#8216;cumpanheiro&#8217; voltar atr\u00e1s. T\u00e1 parecendo aquela novela sem audi\u00eancia da candidatura de Miraldo Mota, em 2012, que o pr\u00f3prio Rosemberg ajudou a tirar do ar. Sibele que se cuide.<\/p>\n","protected":false},"excerpt":{"rendered":"<p>H\u00e1 mais de um ano que o deputado Rosemberg vem alimentando o desejo da ex-secret\u00e1ria Sibele Nery de se candidatar a prefeita, como nome exclusivo do PT. \u00a0Os petistas aderiram e fecharam quest\u00e3o. O problema \u00e9 a resist\u00eancia de Z\u00e9 Carlos, que tem outras prefer\u00eancias. Esta semana os petistas deram uma recuada e admitiram apoiar [&hellip;]<\/p>\n","protected":false},"author":2,"featured_media":0,"comment_status":"open","ping_status":"open","sticky":false,"template":"","format":"standard","meta":{"footnotes":"","_links_to":"","_links_to_target":""},"categories":[11],"tags":[],"class_list":["post-57636","post","type-post","status-publish","format-standard","hentry","category-quentinhas"],"views":2088,"_links":{"self":[{"href":"https:\/\/www.sudoestehoje.com.br\/novoportal\/wp-json\/wp\/v2\/posts\/57636","targetHints":{"allow":["GET"]}}],"collection":[{"href":"https:\/\/www.sudoestehoje.com.br\/novoportal\/wp-json\/wp\/v2\/posts"}],"about":[{"href":"https:\/\/www.sudoestehoje.com.br\/novoportal\/wp-json\/wp\/v2\/types\/post"}],"author":[{"embeddable":true,"href":"https:\/\/www.sudoestehoje.com.br\/novoportal\/wp-json\/wp\/v2\/users\/2"}],"replies":[{"embeddable":true,"href":"https:\/\/www.sudoestehoje.com.br\/novoportal\/wp-json\/wp\/v2\/comments?post=57636"}],"version-history":[{"count":1,"href":"https:\/\/www.sudoestehoje.com.br\/novoportal\/wp-json\/wp\/v2\/posts\/57636\/revisions"}],"predecessor-version":[{"id":57638,"href":"https:\/\/www.sudoestehoje.com.br\/novoportal\/wp-json\/wp\/v2\/posts\/57636\/revisions\/57638"}],"wp:attachment":[{"href":"https:\/\/www.sudoestehoje.com.br\/novoportal\/wp-json\/wp\/v2\/media?parent=57636"}],"wp:term":[{"taxonomy":"category","embeddable":true,"href":"https:\/\/www.sudoestehoje.com.br\/novoportal\/wp-json\/wp\/v2\/categories?post=57636"},{"taxonomy":"post_tag","embeddable":true,"href":"https:\/\/www.sudoestehoje.com.br\/novoportal\/wp-json\/wp\/v2\/tags?post=57636"}],"curies":[{"name":"wp","href":"https:\/\/api.w.org\/{rel}","templated":true}]}}