
{"id":57577,"date":"2016-05-18T20:42:31","date_gmt":"2016-05-18T23:42:31","guid":{"rendered":"http:\/\/www.sudoestehoje.com.br\/novoportal\/?p=57577"},"modified":"2016-05-18T20:42:31","modified_gmt":"2016-05-18T23:42:31","slug":"stf-notifica-dilma-para-explicar-porque-chama-impeachment-de-golpe","status":"publish","type":"post","link":"https:\/\/www.sudoestehoje.com.br\/novoportal\/2016\/05\/18\/stf-notifica-dilma-para-explicar-porque-chama-impeachment-de-golpe\/","title":{"rendered":"STF NOTIFICA DILMA PARA EXPLICAR PORQUE CHAMA IMPEACHMENT DE &#8220;GOLPE&#8221;"},"content":{"rendered":"<div id=\"attachment_57578\" style=\"width: 511px\" class=\"wp-caption aligncenter\"><a href=\"http:\/\/www.sudoestehoje.com.br\/novoportal\/wp-content\/uploads\/2016\/05\/ROSA.jpg\" rel=\"attachment wp-att-57578\"><img loading=\"lazy\" decoding=\"async\" aria-describedby=\"caption-attachment-57578\" class=\" wp-image-57578\" src=\"http:\/\/www.sudoestehoje.com.br\/novoportal\/wp-content\/uploads\/2016\/05\/ROSA.jpg\" alt=\"MINISTRA DO STF ROSA VEBER\" width=\"501\" height=\"209\" \/><\/a><p id=\"caption-attachment-57578\" class=\"wp-caption-text\">MINISTRA DO STF ROSA WEBER D\u00c1 10 DIAS A DILMA PARA EXPLICAR ALEGA\u00c7\u00c3O DE &#8220;GOLPE&#8221;<\/p><\/div>\n<p><strong>Reda\u00e7\u00e3o VN<\/strong><br \/>\nredacao@varelanoticias.com.br<\/p>\n<p>A situa\u00e7\u00e3o de turbul\u00eancia na carreira\u00a0pol\u00edtica da presidente afastada Dilma Rousseff teve um breve\u00a0sossego. Nesta quarta (18), a ministra Rosa Weber, do Supremo Tribunal Federal (STF), determinou \u00a0que Dilma seja notificada sobre interpela\u00e7\u00e3o judicial proposta por deputados que questionam o fato da ex-presidente\u00a0classificar o processo de impeachment como\u00a0\u201cgolpe de estado\u201d.\u00a0Dilma tem dez dias para se explicar.<\/p>\n<p>Entre os\u00a0deputados que fizeram o questionamento, est\u00e3o:\u00a0J\u00falio Lopes (PP-RJ), Carlos Sampaio (PSDB-SP), Pauderney Avelino (DEM-AM), Rubens Bueno (PPS-PR), Ant\u00f4nio Imbassahy (PSDB-BA), Paulo Pereira da Silva (SD-SP). Para eles a acusa\u00e7\u00e3o de Dilma \u00e9 algo de \u201cgravidade \u00edmpar, sobretudo, ao se levar em considera\u00e7\u00e3o a recente hist\u00f3ria nacional e as possibilidades de ruptura que declara\u00e7\u00f5es desse tipo podem trazer \u00e0 sociedade brasileira\u201d.<\/p>\n","protected":false},"excerpt":{"rendered":"<p>Reda\u00e7\u00e3o VN redacao@varelanoticias.com.br A situa\u00e7\u00e3o de turbul\u00eancia na carreira\u00a0pol\u00edtica da presidente afastada Dilma Rousseff teve um breve\u00a0sossego. Nesta quarta (18), a ministra Rosa Weber, do Supremo Tribunal Federal (STF), determinou \u00a0que Dilma seja notificada sobre interpela\u00e7\u00e3o judicial proposta por deputados que questionam o fato da ex-presidente\u00a0classificar o processo de impeachment como\u00a0\u201cgolpe de estado\u201d.\u00a0Dilma tem dez [&hellip;]<\/p>\n","protected":false},"author":2,"featured_media":0,"comment_status":"open","ping_status":"open","sticky":false,"template":"","format":"standard","meta":{"footnotes":"","_links_to":"","_links_to_target":""},"categories":[1],"tags":[],"class_list":["post-57577","post","type-post","status-publish","format-standard","hentry","category-geral"],"views":1323,"_links":{"self":[{"href":"https:\/\/www.sudoestehoje.com.br\/novoportal\/wp-json\/wp\/v2\/posts\/57577","targetHints":{"allow":["GET"]}}],"collection":[{"href":"https:\/\/www.sudoestehoje.com.br\/novoportal\/wp-json\/wp\/v2\/posts"}],"about":[{"href":"https:\/\/www.sudoestehoje.com.br\/novoportal\/wp-json\/wp\/v2\/types\/post"}],"author":[{"embeddable":true,"href":"https:\/\/www.sudoestehoje.com.br\/novoportal\/wp-json\/wp\/v2\/users\/2"}],"replies":[{"embeddable":true,"href":"https:\/\/www.sudoestehoje.com.br\/novoportal\/wp-json\/wp\/v2\/comments?post=57577"}],"version-history":[{"count":2,"href":"https:\/\/www.sudoestehoje.com.br\/novoportal\/wp-json\/wp\/v2\/posts\/57577\/revisions"}],"predecessor-version":[{"id":57580,"href":"https:\/\/www.sudoestehoje.com.br\/novoportal\/wp-json\/wp\/v2\/posts\/57577\/revisions\/57580"}],"wp:attachment":[{"href":"https:\/\/www.sudoestehoje.com.br\/novoportal\/wp-json\/wp\/v2\/media?parent=57577"}],"wp:term":[{"taxonomy":"category","embeddable":true,"href":"https:\/\/www.sudoestehoje.com.br\/novoportal\/wp-json\/wp\/v2\/categories?post=57577"},{"taxonomy":"post_tag","embeddable":true,"href":"https:\/\/www.sudoestehoje.com.br\/novoportal\/wp-json\/wp\/v2\/tags?post=57577"}],"curies":[{"name":"wp","href":"https:\/\/api.w.org\/{rel}","templated":true}]}}