
{"id":57571,"date":"2016-05-18T19:22:16","date_gmt":"2016-05-18T22:22:16","guid":{"rendered":"http:\/\/www.sudoestehoje.com.br\/novoportal\/?p=57571"},"modified":"2016-05-18T19:29:45","modified_gmt":"2016-05-18T22:29:45","slug":"gafe-na-tv-erro-no-programa-de-ana-maria-mostra-interprete-do-louro-jose-ao-vivo","status":"publish","type":"post","link":"https:\/\/www.sudoestehoje.com.br\/novoportal\/2016\/05\/18\/gafe-na-tv-erro-no-programa-de-ana-maria-mostra-interprete-do-louro-jose-ao-vivo\/","title":{"rendered":"GAFE NA TV: ERRO NO PROGRAMA DE ANA MARIA MOSTRA INT\u00c9RPRETE DO &#8220;LOURO JOS\u00c9&#8221; AO VIVO"},"content":{"rendered":"<p class=\"canvas-text Mb(1.0em) Mb(0)--sm Mt(0.8em)--sm canvas-atom\" data-type=\"text\" data-reactid=\".1x58nf2at4w.$0.0.0.1.2.0.2.0.0.$Col1-0-ContentCanvas-Proxy.$Col1-0-ContentCanvas.0.4.0:$2\"><a href=\"http:\/\/www.sudoestehoje.com.br\/novoportal\/wp-content\/uploads\/2016\/05\/TOM.jpg\" rel=\"attachment wp-att-57572\"><img loading=\"lazy\" decoding=\"async\" class=\"aligncenter size-medium wp-image-57572\" src=\"http:\/\/www.sudoestehoje.com.br\/novoportal\/wp-content\/uploads\/2016\/05\/TOM-500x333.jpg\" alt=\"TOM\" width=\"500\" height=\"333\" srcset=\"https:\/\/www.sudoestehoje.com.br\/novoportal\/wp-content\/uploads\/2016\/05\/TOM-500x333.jpg 500w, https:\/\/www.sudoestehoje.com.br\/novoportal\/wp-content\/uploads\/2016\/05\/TOM.jpg 630w\" sizes=\"auto, (max-width: 500px) 100vw, 500px\" \/><\/a><\/p>\n<p class=\"canvas-text Mb(1.0em) Mb(0)--sm Mt(0.8em)--sm canvas-atom\" data-type=\"text\" data-reactid=\".1x58nf2at4w.$0.0.0.1.2.0.2.0.0.$Col1-0-ContentCanvas-Proxy.$Col1-0-ContentCanvas.0.4.0:$2\">Na manh\u00e3 desta quarta-feira (18), os telespectadores mais atentos que acompanhavam o programa\u00a0\u201cMais Voc\u00ea\u201d, na Globo, puderam ver o rosto por tr\u00e1s do papagaio Louro Jos\u00e9.<\/p>\n<p class=\"canvas-text Mb(1.0em) Mb(0)--sm Mt(0.8em)--sm canvas-atom\" data-type=\"text\" data-reactid=\".1x58nf2at4w.$0.0.0.1.2.0.2.0.0.$Col1-0-ContentCanvas-Proxy.$Col1-0-ContentCanvas.0.4.0:$3\">De acordo com o portal\u00a0\u201cUOL\u201d, a apresentadora Ana Maria Braga\u00a0conversava com seu fiel companheiro quando por um descuido da produ\u00e7\u00e3o, o ator Tom Veiga\u00a0apareceu ao vivo no matinal. No momento da gafe, o mascote interagia com a loira atr\u00e1s de um balc\u00e3o quando recebeu a visita de um cachorro no est\u00fadio.<\/p>\n<p class=\"canvas-text Mb(1.0em) Mb(0)--sm Mt(0.8em)--sm canvas-atom\" data-type=\"text\" data-reactid=\".1x58nf2at4w.$0.0.0.1.2.0.2.0.0.$Col1-0-ContentCanvas-Proxy.$Col1-0-ContentCanvas.0.4.0:$4\">\u201cTem visita aqui pro Louro. Aqui atr\u00e1s. Algu\u00e9m com c\u00e2mera na m\u00e3o vem ver a visita\u201d, disse Ana Maria sem aparentemente se lembrar que o int\u00e9rprete do personagem n\u00e3o deveria aparecer na TV. A c\u00e2mera foi atr\u00e1s do c\u00e3o e acabou mostrando o rosto de\u00a0Tom Veiga que j\u00e1 acompanha a apresentadora h\u00e1 20 anos.<\/p>\n","protected":false},"excerpt":{"rendered":"<p>Na manh\u00e3 desta quarta-feira (18), os telespectadores mais atentos que acompanhavam o programa\u00a0\u201cMais Voc\u00ea\u201d, na Globo, puderam ver o rosto por tr\u00e1s do papagaio Louro Jos\u00e9. De acordo com o portal\u00a0\u201cUOL\u201d, a apresentadora Ana Maria Braga\u00a0conversava com seu fiel companheiro quando por um descuido da produ\u00e7\u00e3o, o ator Tom Veiga\u00a0apareceu ao vivo no matinal. No [&hellip;]<\/p>\n","protected":false},"author":2,"featured_media":0,"comment_status":"open","ping_status":"open","sticky":false,"template":"","format":"standard","meta":{"footnotes":"","_links_to":"","_links_to_target":""},"categories":[1],"tags":[],"class_list":["post-57571","post","type-post","status-publish","format-standard","hentry","category-geral"],"views":3823,"_links":{"self":[{"href":"https:\/\/www.sudoestehoje.com.br\/novoportal\/wp-json\/wp\/v2\/posts\/57571","targetHints":{"allow":["GET"]}}],"collection":[{"href":"https:\/\/www.sudoestehoje.com.br\/novoportal\/wp-json\/wp\/v2\/posts"}],"about":[{"href":"https:\/\/www.sudoestehoje.com.br\/novoportal\/wp-json\/wp\/v2\/types\/post"}],"author":[{"embeddable":true,"href":"https:\/\/www.sudoestehoje.com.br\/novoportal\/wp-json\/wp\/v2\/users\/2"}],"replies":[{"embeddable":true,"href":"https:\/\/www.sudoestehoje.com.br\/novoportal\/wp-json\/wp\/v2\/comments?post=57571"}],"version-history":[{"count":4,"href":"https:\/\/www.sudoestehoje.com.br\/novoportal\/wp-json\/wp\/v2\/posts\/57571\/revisions"}],"predecessor-version":[{"id":57576,"href":"https:\/\/www.sudoestehoje.com.br\/novoportal\/wp-json\/wp\/v2\/posts\/57571\/revisions\/57576"}],"wp:attachment":[{"href":"https:\/\/www.sudoestehoje.com.br\/novoportal\/wp-json\/wp\/v2\/media?parent=57571"}],"wp:term":[{"taxonomy":"category","embeddable":true,"href":"https:\/\/www.sudoestehoje.com.br\/novoportal\/wp-json\/wp\/v2\/categories?post=57571"},{"taxonomy":"post_tag","embeddable":true,"href":"https:\/\/www.sudoestehoje.com.br\/novoportal\/wp-json\/wp\/v2\/tags?post=57571"}],"curies":[{"name":"wp","href":"https:\/\/api.w.org\/{rel}","templated":true}]}}