
{"id":57419,"date":"2016-05-15T12:00:56","date_gmt":"2016-05-15T15:00:56","guid":{"rendered":"http:\/\/www.sudoestehoje.com.br\/novoportal\/?p=57419"},"modified":"2016-05-15T12:00:56","modified_gmt":"2016-05-15T15:00:56","slug":"cupula-do-democratas-desembarcou-em-itapetinga-neste-sabado","status":"publish","type":"post","link":"https:\/\/www.sudoestehoje.com.br\/novoportal\/2016\/05\/15\/cupula-do-democratas-desembarcou-em-itapetinga-neste-sabado\/","title":{"rendered":"C\u00daPULA DO DEMOCRATAS DESEMBARCOU EM ITAPETINGA NESTE S\u00c1BADO"},"content":{"rendered":"<p><a href=\"http:\/\/www.sudoestehoje.com.br\/novoportal\/wp-content\/uploads\/2016\/05\/dem-1.jpg\" rel=\"attachment wp-att-57420\"><img loading=\"lazy\" decoding=\"async\" class=\"aligncenter size-medium wp-image-57420\" src=\"http:\/\/www.sudoestehoje.com.br\/novoportal\/wp-content\/uploads\/2016\/05\/dem-1-500x300.jpg\" alt=\"dem 1\" width=\"500\" height=\"300\" srcset=\"https:\/\/www.sudoestehoje.com.br\/novoportal\/wp-content\/uploads\/2016\/05\/dem-1-500x300.jpg 500w, https:\/\/www.sudoestehoje.com.br\/novoportal\/wp-content\/uploads\/2016\/05\/dem-1-768x461.jpg 768w, https:\/\/www.sudoestehoje.com.br\/novoportal\/wp-content\/uploads\/2016\/05\/dem-1-700x420.jpg 700w, https:\/\/www.sudoestehoje.com.br\/novoportal\/wp-content\/uploads\/2016\/05\/dem-1.jpg 960w\" sizes=\"auto, (max-width: 500px) 100vw, 500px\" \/><\/a><\/p>\n<p>Na tarde deste s\u00e1bado (14), os deputados Jos\u00e9 Carlos Aleluia, Sandro Regis e o presidente do DEM de Salvador, o ex-deputado Heraldo Rocha, desembarcaram em Itapetinga para uma visita \u00e0 Exposi\u00e7\u00e3o Agropecu\u00e1ria do munic\u00edpio e participarem das articula\u00e7\u00f5es para escolha da chapa oposicionista que dever\u00e1 concorrer aos cargos de prefeito e vice nas elei\u00e7\u00f5es de outubro.<\/p>\n<p><a href=\"http:\/\/www.sudoestehoje.com.br\/novoportal\/wp-content\/uploads\/2016\/05\/dem-2.jpg\" rel=\"attachment wp-att-57421\"><img loading=\"lazy\" decoding=\"async\" class=\"aligncenter size-medium wp-image-57421\" src=\"http:\/\/www.sudoestehoje.com.br\/novoportal\/wp-content\/uploads\/2016\/05\/dem-2-500x375.jpg\" alt=\"dem 2\" width=\"500\" height=\"375\" srcset=\"https:\/\/www.sudoestehoje.com.br\/novoportal\/wp-content\/uploads\/2016\/05\/dem-2-500x375.jpg 500w, https:\/\/www.sudoestehoje.com.br\/novoportal\/wp-content\/uploads\/2016\/05\/dem-2-768x576.jpg 768w, https:\/\/www.sudoestehoje.com.br\/novoportal\/wp-content\/uploads\/2016\/05\/dem-2-700x525.jpg 700w, https:\/\/www.sudoestehoje.com.br\/novoportal\/wp-content\/uploads\/2016\/05\/dem-2.jpg 960w\" sizes=\"auto, (max-width: 500px) 100vw, 500px\" \/><\/a><\/p>\n<p>Aleluia e Heraldo Rocha foram recepcionados no aeroporto local pelos l\u00edderes oposicionistas Jos\u00e9 Ot\u00e1vio Curvelo (DEM) e Michel Hagge (PMDB), al\u00e9m dos pr\u00e9-candidatos a prefeito Renan Pereira e Rodrigo Hagge. Vereadores e outras lideran\u00e7as dos dois partidos tamb\u00e9m se fizeram presentes.<\/p>\n<p>Ap\u00f3s a recep\u00e7\u00e3o no aeroporto, a comitiva se dirigiu ao Parque de Exposi\u00e7\u00f5es Juvino Oliveira, onde mantiveram contato com lideran\u00e7as pol\u00edticas locais e populares.<\/p>\n<p>REUNI\u00c3O DO DEMOCRATAS<\/p>\n<p><a href=\"http:\/\/www.sudoestehoje.com.br\/novoportal\/wp-content\/uploads\/2016\/05\/dem-3.jpg\" rel=\"attachment wp-att-57422\"><img loading=\"lazy\" decoding=\"async\" class=\"aligncenter size-medium wp-image-57422\" src=\"http:\/\/www.sudoestehoje.com.br\/novoportal\/wp-content\/uploads\/2016\/05\/dem-3-500x333.jpg\" alt=\"dem 3\" width=\"500\" height=\"333\" srcset=\"https:\/\/www.sudoestehoje.com.br\/novoportal\/wp-content\/uploads\/2016\/05\/dem-3-500x333.jpg 500w, https:\/\/www.sudoestehoje.com.br\/novoportal\/wp-content\/uploads\/2016\/05\/dem-3.jpg 600w\" sizes=\"auto, (max-width: 500px) 100vw, 500px\" \/><\/a><\/p>\n<p>Depois da programa\u00e7\u00e3o no Parque de Exposi\u00e7\u00f5es, os democratas de Itapetinga realizaram uma reuni\u00e3o com o deputado estadual Sandro R\u00e9gis, para tratar da defini\u00e7\u00e3o do nome do partido a ser indicado para compor a chapa majorit\u00e1ria das oposi\u00e7\u00f5es, que concorrer\u00e1 \u00e1s pr\u00f3ximas elei\u00e7\u00f5es.<\/p>\n<p>Segundo informa\u00e7\u00f5es de membros do partido, Sandro R\u00e9gis teria definido o seu apoio ao pecuarista Renan Pereira, por orienta\u00e7\u00e3o do ex-prefeito Jos\u00e9 Ot\u00e1vio.<\/p>\n<p>Renan declarou que se sentiu lisonjeado pela indica\u00e7\u00e3o e apoio que vem recebendo do seu partido, e que lutar\u00e1 como muita for\u00e7a e determina\u00e7\u00e3o para alcan\u00e7ar a vit\u00f3ria no pleito que se aproxima.<\/p>\n<p><strong><em>Por Davi Ferraz\u00a0<\/em><\/strong><\/p>\n","protected":false},"excerpt":{"rendered":"<p>Na tarde deste s\u00e1bado (14), os deputados Jos\u00e9 Carlos Aleluia, Sandro Regis e o presidente do DEM de Salvador, o ex-deputado Heraldo Rocha, desembarcaram em Itapetinga para uma visita \u00e0 Exposi\u00e7\u00e3o Agropecu\u00e1ria do munic\u00edpio e participarem das articula\u00e7\u00f5es para escolha da chapa oposicionista que dever\u00e1 concorrer aos cargos de prefeito e vice nas elei\u00e7\u00f5es de [&hellip;]<\/p>\n","protected":false},"author":2,"featured_media":0,"comment_status":"open","ping_status":"open","sticky":false,"template":"","format":"standard","meta":{"footnotes":"","_links_to":"","_links_to_target":""},"categories":[1],"tags":[],"class_list":["post-57419","post","type-post","status-publish","format-standard","hentry","category-geral"],"views":1436,"_links":{"self":[{"href":"https:\/\/www.sudoestehoje.com.br\/novoportal\/wp-json\/wp\/v2\/posts\/57419","targetHints":{"allow":["GET"]}}],"collection":[{"href":"https:\/\/www.sudoestehoje.com.br\/novoportal\/wp-json\/wp\/v2\/posts"}],"about":[{"href":"https:\/\/www.sudoestehoje.com.br\/novoportal\/wp-json\/wp\/v2\/types\/post"}],"author":[{"embeddable":true,"href":"https:\/\/www.sudoestehoje.com.br\/novoportal\/wp-json\/wp\/v2\/users\/2"}],"replies":[{"embeddable":true,"href":"https:\/\/www.sudoestehoje.com.br\/novoportal\/wp-json\/wp\/v2\/comments?post=57419"}],"version-history":[{"count":1,"href":"https:\/\/www.sudoestehoje.com.br\/novoportal\/wp-json\/wp\/v2\/posts\/57419\/revisions"}],"predecessor-version":[{"id":57423,"href":"https:\/\/www.sudoestehoje.com.br\/novoportal\/wp-json\/wp\/v2\/posts\/57419\/revisions\/57423"}],"wp:attachment":[{"href":"https:\/\/www.sudoestehoje.com.br\/novoportal\/wp-json\/wp\/v2\/media?parent=57419"}],"wp:term":[{"taxonomy":"category","embeddable":true,"href":"https:\/\/www.sudoestehoje.com.br\/novoportal\/wp-json\/wp\/v2\/categories?post=57419"},{"taxonomy":"post_tag","embeddable":true,"href":"https:\/\/www.sudoestehoje.com.br\/novoportal\/wp-json\/wp\/v2\/tags?post=57419"}],"curies":[{"name":"wp","href":"https:\/\/api.w.org\/{rel}","templated":true}]}}