
{"id":5738,"date":"2011-06-14T12:12:45","date_gmt":"2011-06-14T15:12:45","guid":{"rendered":"http:\/\/www.sudoestehoje.com.br\/novoportal\/?p=5738"},"modified":"2011-06-14T12:28:34","modified_gmt":"2011-06-14T15:28:34","slug":"itapetinga-pt-se-reune-e-decide-colar-em-ze-carlos","status":"publish","type":"post","link":"https:\/\/www.sudoestehoje.com.br\/novoportal\/2011\/06\/14\/itapetinga-pt-se-reune-e-decide-colar-em-ze-carlos\/","title":{"rendered":"ITAPETINGA: PT SE REUNE E DECIDE &#8216;COLAR&#8217; EM Z\u00c9 CARLOS"},"content":{"rendered":"<p style=\"text-align: center;\"><img decoding=\"async\" class=\"aligncenter\" src=\"http:\/\/3.bp.blogspot.com\/_jwYBFXFsRxQ\/S2Jba3s_naI\/AAAAAAAAAb0\/dTZzEN1YVdg\/s400\/sem_t_tulo.jpg\" alt=\"\" \/><\/p>\n<p style=\"text-align: center;\"><em><strong>PT &#8220;hist\u00f3rico&#8221; se rende \u00e0 ala carlista do partido\u00a0<\/strong><\/em><\/p>\n<p>\u00a0<\/p>\n<p>O PT de Itapetinga, que andava ressabiado das ingratid\u00f5es e desprezo do prefeito Z\u00e9 Carlos e sua equipe de governo, se reuniu ontem, na sede do seu diret\u00f3rio municipal, e tomou a seguinte decis\u00e3o: vai &#8216;colar&#8217; em Z\u00e9 Carlos, para o que der e vier, com vistas as elei\u00e7\u00f5es de 2012.<\/p>\n<p>Na verdade, n\u00e3o resta outra alternativa aos &#8216;bravos companheiros&#8217;, sob pena de morrerem de inani\u00e7\u00e3o. O PT em Itapetinga \u00e9 governo, mas nunca esteve no governo. Foi, desde o in\u00edcio da gest\u00e3o atual, jogado \u00e0s tra\u00e7as e entregue \u00e0 pr\u00f3pria sorte, cabendo-lhe alguns carguinhos sem express\u00e3o. N\u00e3o d\u00e1 palpites na administra\u00e7\u00e3o, e se desse, n\u00e3o seria ouvido. Esta \u00e9 a \u00f3rdem do prefeito, um carlista de carteirinha, que ainda chora as mortes do amigo\u00a0Dud\u00fa Magalh\u00e3es e do seu\u00a0inesquec\u00edvel padrinho ACM.<\/p>\n<p>Assim, sem for\u00e7a para sobreviver na disputa eleitoral no ano que vem, o velho PT de Marc\u00e3o, Branco, Chico Ferro Velho e tantos outros, s\u00f3 tem mesmo uma op\u00e7\u00e3o, gostando ou n\u00e3o gostando: comer nas m\u00e3os de Z\u00e9 Carlos, Zen\u00f3bio, Israel&#8230; Algu\u00e9m duvida disto?<\/p>\n<p><em><strong>Por DAVI FERRAZ<\/strong><\/em><\/p>\n<p>Sapa<\/p>\n","protected":false},"excerpt":{"rendered":"<p>PT &#8220;hist\u00f3rico&#8221; se rende \u00e0 ala carlista do partido\u00a0 \u00a0 O PT de Itapetinga, que andava ressabiado das ingratid\u00f5es e desprezo do prefeito Z\u00e9 Carlos e sua equipe de governo, se reuniu ontem, na sede do seu diret\u00f3rio municipal, e tomou a seguinte decis\u00e3o: vai &#8216;colar&#8217; em Z\u00e9 Carlos, para o que der e vier, [&hellip;]<\/p>\n","protected":false},"author":2,"featured_media":0,"comment_status":"open","ping_status":"open","sticky":false,"template":"","format":"standard","meta":{"footnotes":"","_links_to":"","_links_to_target":""},"categories":[1],"tags":[],"class_list":["post-5738","post","type-post","status-publish","format-standard","hentry","category-geral"],"views":1132,"_links":{"self":[{"href":"https:\/\/www.sudoestehoje.com.br\/novoportal\/wp-json\/wp\/v2\/posts\/5738","targetHints":{"allow":["GET"]}}],"collection":[{"href":"https:\/\/www.sudoestehoje.com.br\/novoportal\/wp-json\/wp\/v2\/posts"}],"about":[{"href":"https:\/\/www.sudoestehoje.com.br\/novoportal\/wp-json\/wp\/v2\/types\/post"}],"author":[{"embeddable":true,"href":"https:\/\/www.sudoestehoje.com.br\/novoportal\/wp-json\/wp\/v2\/users\/2"}],"replies":[{"embeddable":true,"href":"https:\/\/www.sudoestehoje.com.br\/novoportal\/wp-json\/wp\/v2\/comments?post=5738"}],"version-history":[{"count":4,"href":"https:\/\/www.sudoestehoje.com.br\/novoportal\/wp-json\/wp\/v2\/posts\/5738\/revisions"}],"predecessor-version":[{"id":5745,"href":"https:\/\/www.sudoestehoje.com.br\/novoportal\/wp-json\/wp\/v2\/posts\/5738\/revisions\/5745"}],"wp:attachment":[{"href":"https:\/\/www.sudoestehoje.com.br\/novoportal\/wp-json\/wp\/v2\/media?parent=5738"}],"wp:term":[{"taxonomy":"category","embeddable":true,"href":"https:\/\/www.sudoestehoje.com.br\/novoportal\/wp-json\/wp\/v2\/categories?post=5738"},{"taxonomy":"post_tag","embeddable":true,"href":"https:\/\/www.sudoestehoje.com.br\/novoportal\/wp-json\/wp\/v2\/tags?post=5738"}],"curies":[{"name":"wp","href":"https:\/\/api.w.org\/{rel}","templated":true}]}}