
{"id":57325,"date":"2016-05-10T01:16:03","date_gmt":"2016-05-10T04:16:03","guid":{"rendered":"http:\/\/www.sudoestehoje.com.br\/novoportal\/?p=57325"},"modified":"2016-05-10T01:36:39","modified_gmt":"2016-05-10T04:36:39","slug":"waldir-maranhao-revoga-presepada-que-anulou-impeachment","status":"publish","type":"post","link":"https:\/\/www.sudoestehoje.com.br\/novoportal\/2016\/05\/10\/waldir-maranhao-revoga-presepada-que-anulou-impeachment\/","title":{"rendered":"WALDIR MARANH\u00c3O REVOGA &#8220;PRESEPADA&#8221; QUE TENTOU ANULAR IMPEACHMENT"},"content":{"rendered":"<h2 class=\"col-xs-13\">Sob press\u00e3o, presidente interino da C\u00e2mara dos Deputados voltou atr\u00e1s em decis\u00e3o que invalidava a vota\u00e7\u00e3o na Casa que aprovou o processo contra a petista Dilma Rousseff.<\/h2>\n<p><img loading=\"lazy\" decoding=\"async\" class=\"scaledImageFitWidth img aligncenter\" src=\"https:\/\/fbcdn-photos-b-a.akamaihd.net\/hphotos-ak-xpl1\/v\/t1.0-0\/s480x480\/13139016_943834519062150_6921673213488698685_n.jpg?oh=1f9d6abeb0657795929fb93bc6fd1407&amp;oe=57AF1169&amp;__gda__=1471185984_66a0e413893e41673d14cdffdc4d0f30\" alt=\"Foto de Movimento Contra Corrup\u00e7\u00e3o.\" width=\"501\" height=\"328\" \/><\/p>\n<p>O presidente interino da C\u00e2mara dos Deputados, Waldir Maranh\u00e3o (PP-MA), revogou na noite desta segunda-feira decis\u00e3o que ele mesmo havia proferido para anular o processo de impeachment da presidente Dilma Rousseff.<\/p>\n<p>Em decis\u00e3o surpreendente e sem fundamento jur\u00eddico, Maranh\u00e3o havia acatado na manh\u00e3 desta segunda recurso ingressado pela Advocacia-Geral da Uni\u00e3o (AGU) que pedia pela retomada da a\u00e7\u00e3o contra a presidente da Rep\u00fablica.<\/p>\n<p>A canetada do novo comandante da C\u00e2mara provocou imediata rea\u00e7\u00e3o e foi criticada pela oposi\u00e7\u00e3o, por juristas e pelo presidente do Senado, Renan Calheiros (PMDB-AL) &#8211; que classificou a medida como <a href=\"http:\/\/veja.abril.com.br\/noticia\/brasil\/renan-rejeita-brincadeira-de-maranhao-e-da-sequencia-ao-impeachment\" target=\"_blank\" rel=\"\"><strong>&#8220;brincadeira com a democracia&#8221;<\/strong><\/a> e decidiu ignorar a determina\u00e7\u00e3o, dando seguimento ao impeachment.<\/p>\n<p>O recuo de Maranh\u00e3o se deu por meio de uma breve nota em que ele diz, em cinco linhas, que revoga a decis\u00e3o por ele proferida &#8220;em 9 de maio de 2016, por meio da qual foram anuladas as sess\u00f5es do plen\u00e1rio da C\u00e2mara dos Deputados ocorridas nos dias 15, 16 e 17 de abril de 2016, nas quais se deliberou sobre a den\u00fancia por crime de responsabilidade n\u00famero 1\/2015&#8221;. CONFIRA A NOVA DECIS\u00c3O:<\/p>\n<p><a href=\"http:\/\/www.sudoestehoje.com.br\/novoportal\/wp-content\/uploads\/2016\/05\/REVOGA.jpg\" rel=\"attachment wp-att-57332\"><img loading=\"lazy\" decoding=\"async\" class=\"aligncenter size-full wp-image-57332\" src=\"http:\/\/www.sudoestehoje.com.br\/novoportal\/wp-content\/uploads\/2016\/05\/REVOGA.jpg\" alt=\"REVOGA\" width=\"432\" height=\"557\" \/><\/a><\/p>\n","protected":false},"excerpt":{"rendered":"<p>Sob press\u00e3o, presidente interino da C\u00e2mara dos Deputados voltou atr\u00e1s em decis\u00e3o que invalidava a vota\u00e7\u00e3o na Casa que aprovou o processo contra a petista Dilma Rousseff. O presidente interino da C\u00e2mara dos Deputados, Waldir Maranh\u00e3o (PP-MA), revogou na noite desta segunda-feira decis\u00e3o que ele mesmo havia proferido para anular o processo de impeachment da [&hellip;]<\/p>\n","protected":false},"author":2,"featured_media":0,"comment_status":"open","ping_status":"open","sticky":false,"template":"","format":"standard","meta":{"footnotes":"","_links_to":"","_links_to_target":""},"categories":[1],"tags":[],"class_list":["post-57325","post","type-post","status-publish","format-standard","hentry","category-geral"],"views":2021,"_links":{"self":[{"href":"https:\/\/www.sudoestehoje.com.br\/novoportal\/wp-json\/wp\/v2\/posts\/57325","targetHints":{"allow":["GET"]}}],"collection":[{"href":"https:\/\/www.sudoestehoje.com.br\/novoportal\/wp-json\/wp\/v2\/posts"}],"about":[{"href":"https:\/\/www.sudoestehoje.com.br\/novoportal\/wp-json\/wp\/v2\/types\/post"}],"author":[{"embeddable":true,"href":"https:\/\/www.sudoestehoje.com.br\/novoportal\/wp-json\/wp\/v2\/users\/2"}],"replies":[{"embeddable":true,"href":"https:\/\/www.sudoestehoje.com.br\/novoportal\/wp-json\/wp\/v2\/comments?post=57325"}],"version-history":[{"count":6,"href":"https:\/\/www.sudoestehoje.com.br\/novoportal\/wp-json\/wp\/v2\/posts\/57325\/revisions"}],"predecessor-version":[{"id":57333,"href":"https:\/\/www.sudoestehoje.com.br\/novoportal\/wp-json\/wp\/v2\/posts\/57325\/revisions\/57333"}],"wp:attachment":[{"href":"https:\/\/www.sudoestehoje.com.br\/novoportal\/wp-json\/wp\/v2\/media?parent=57325"}],"wp:term":[{"taxonomy":"category","embeddable":true,"href":"https:\/\/www.sudoestehoje.com.br\/novoportal\/wp-json\/wp\/v2\/categories?post=57325"},{"taxonomy":"post_tag","embeddable":true,"href":"https:\/\/www.sudoestehoje.com.br\/novoportal\/wp-json\/wp\/v2\/tags?post=57325"}],"curies":[{"name":"wp","href":"https:\/\/api.w.org\/{rel}","templated":true}]}}