
{"id":57296,"date":"2016-05-09T17:08:14","date_gmt":"2016-05-09T20:08:14","guid":{"rendered":"http:\/\/www.sudoestehoje.com.br\/novoportal\/?p=57296"},"modified":"2016-05-09T17:24:20","modified_gmt":"2016-05-09T20:24:20","slug":"brasilia-renan-decide-ignorar-maranhao-e-seguir-com-impeachment-no-senado","status":"publish","type":"post","link":"https:\/\/www.sudoestehoje.com.br\/novoportal\/2016\/05\/09\/brasilia-renan-decide-ignorar-maranhao-e-seguir-com-impeachment-no-senado\/","title":{"rendered":"BRASILIA: RENAN DECIDE IGNORAR MARANH\u00c3O E SEGUIR COM IMPEACHMENT NO SENADO"},"content":{"rendered":"<div id=\"attachment_57297\" style=\"width: 510px\" class=\"wp-caption aligncenter\"><a href=\"http:\/\/www.sudoestehoje.com.br\/novoportal\/wp-content\/uploads\/2016\/05\/RENANCALH.jpeg\" rel=\"attachment wp-att-57297\"><img loading=\"lazy\" decoding=\"async\" aria-describedby=\"caption-attachment-57297\" class=\"size-medium wp-image-57297\" src=\"http:\/\/www.sudoestehoje.com.br\/novoportal\/wp-content\/uploads\/2016\/05\/RENANCALH-500x375.jpeg\" alt=\"O Presidente do Senado decidiu corretamente que manter\u00e1 a tramita\u00e7\u00e3o do processo do impeachment. A vota\u00e7\u00e3o ocorrer\u00e1 conforme o previsto, no dia 11.\" width=\"500\" height=\"375\" srcset=\"https:\/\/www.sudoestehoje.com.br\/novoportal\/wp-content\/uploads\/2016\/05\/RENANCALH-500x375.jpeg 500w, https:\/\/www.sudoestehoje.com.br\/novoportal\/wp-content\/uploads\/2016\/05\/RENANCALH.jpeg 690w\" sizes=\"auto, (max-width: 500px) 100vw, 500px\" \/><\/a><p id=\"caption-attachment-57297\" class=\"wp-caption-text\"><strong>O Presidente do Senado decidiu corretamente que manter\u00e1 a tramita\u00e7\u00e3o do processo do impeachment. A vota\u00e7\u00e3o ocorrer\u00e1 conforme o previsto, no dia 11.<\/strong><\/p><\/div>\n<p><strong><em>Veja<\/em><\/strong><\/p>\n<p>O presidente do Senado, Renan Calheiros (PMDB-AL), disse na tarde desta segunda-feira a senadores que participaram da reuni\u00e3o de emerg\u00eancia convocada por ele que dar\u00e1 prosseguimento ao processo de impeachment contra a presidente Dilma Rousseff, ignorando a decis\u00e3o do presidente interino da C\u00e2mara, Waldir Maranh\u00e3o (PP-MA).<\/p>\n<p>A avalia\u00e7\u00e3o de Renan, conforme relatos dos parlamentares presentes ao encontro, \u00e9 de que o ato de Maranh\u00e3o foi &#8220;ilegal&#8221; e &#8220;intempestivo&#8221;. Ele disse ainda aos senadores que a C\u00e2mara n\u00e3o poderia tomar a decis\u00e3o de anular a sess\u00e3o em que 367 deputados deram aval ao prosseguimento do processo de impeachment para o Senado quase 30 dias ap\u00f3s a vota\u00e7\u00e3o da admissibilidade &#8211; muito menos quando o Senado est\u00e1 prestes a deliberar sobre o tema. &#8220;O presidente do Senado disse que \u00e9 uma decis\u00e3o contra a qual n\u00e3o caberia recurso quase 30 dias depois. Isso deveria ter sido analisado 48 horas ap\u00f3s a sess\u00e3o&#8221;, afirmou o senador Randolfe Rodrigues (Rede-AP), ao deixar a reuni\u00e3o emergencial.<\/p>\n<p>Na reuni\u00e3o de l\u00edderes, PT e PCdoB fizeram apelos para que a decis\u00e3o de Waldir Maranh\u00e3o fosse cumprida, mas Renan n\u00e3o cedeu. Com isso, a leitura do parecer da comiss\u00e3o especial que, na \u00faltima sexta-feira, deu aval para o seguimento do processo contra Dilma ser\u00e1 feita ainda hoje, abrindo prazo de 48 horas para que o plen\u00e1rio do Senado julgue se abre processo contra a petista &#8211; decis\u00e3o que, se tomada, afasta a presidente do cargo por 180 dias.<\/p>\n","protected":false},"excerpt":{"rendered":"<p>Veja O presidente do Senado, Renan Calheiros (PMDB-AL), disse na tarde desta segunda-feira a senadores que participaram da reuni\u00e3o de emerg\u00eancia convocada por ele que dar\u00e1 prosseguimento ao processo de impeachment contra a presidente Dilma Rousseff, ignorando a decis\u00e3o do presidente interino da C\u00e2mara, Waldir Maranh\u00e3o (PP-MA). A avalia\u00e7\u00e3o de Renan, conforme relatos dos parlamentares [&hellip;]<\/p>\n","protected":false},"author":2,"featured_media":0,"comment_status":"open","ping_status":"open","sticky":false,"template":"","format":"standard","meta":{"footnotes":"","_links_to":"","_links_to_target":""},"categories":[1],"tags":[],"class_list":["post-57296","post","type-post","status-publish","format-standard","hentry","category-geral"],"views":1658,"_links":{"self":[{"href":"https:\/\/www.sudoestehoje.com.br\/novoportal\/wp-json\/wp\/v2\/posts\/57296","targetHints":{"allow":["GET"]}}],"collection":[{"href":"https:\/\/www.sudoestehoje.com.br\/novoportal\/wp-json\/wp\/v2\/posts"}],"about":[{"href":"https:\/\/www.sudoestehoje.com.br\/novoportal\/wp-json\/wp\/v2\/types\/post"}],"author":[{"embeddable":true,"href":"https:\/\/www.sudoestehoje.com.br\/novoportal\/wp-json\/wp\/v2\/users\/2"}],"replies":[{"embeddable":true,"href":"https:\/\/www.sudoestehoje.com.br\/novoportal\/wp-json\/wp\/v2\/comments?post=57296"}],"version-history":[{"count":2,"href":"https:\/\/www.sudoestehoje.com.br\/novoportal\/wp-json\/wp\/v2\/posts\/57296\/revisions"}],"predecessor-version":[{"id":57299,"href":"https:\/\/www.sudoestehoje.com.br\/novoportal\/wp-json\/wp\/v2\/posts\/57296\/revisions\/57299"}],"wp:attachment":[{"href":"https:\/\/www.sudoestehoje.com.br\/novoportal\/wp-json\/wp\/v2\/media?parent=57296"}],"wp:term":[{"taxonomy":"category","embeddable":true,"href":"https:\/\/www.sudoestehoje.com.br\/novoportal\/wp-json\/wp\/v2\/categories?post=57296"},{"taxonomy":"post_tag","embeddable":true,"href":"https:\/\/www.sudoestehoje.com.br\/novoportal\/wp-json\/wp\/v2\/tags?post=57296"}],"curies":[{"name":"wp","href":"https:\/\/api.w.org\/{rel}","templated":true}]}}