
{"id":57243,"date":"2016-05-07T23:31:44","date_gmt":"2016-05-08T02:31:44","guid":{"rendered":"http:\/\/www.sudoestehoje.com.br\/novoportal\/?p=57243"},"modified":"2016-05-08T00:52:40","modified_gmt":"2016-05-08T03:52:40","slug":"ze-alias-se-nao-houver-consenso-michel-volta-a-conversar-com-alecio","status":"publish","type":"post","link":"https:\/\/www.sudoestehoje.com.br\/novoportal\/2016\/05\/07\/ze-alias-se-nao-houver-consenso-michel-volta-a-conversar-com-alecio\/","title":{"rendered":"Z\u00c9 ELIAS: &#8220;SE N\u00c3O HOUVER CONSENSO, MICHEL VOLTA A CONVERSAR COM AL\u00c9CIO&#8221;"},"content":{"rendered":"<p><a href=\"http:\/\/www.sudoestehoje.com.br\/novoportal\/wp-content\/uploads\/2016\/05\/jose-elias.jpg\" rel=\"attachment wp-att-57244\"><img loading=\"lazy\" decoding=\"async\" class=\"wp-image-57244 alignleft\" src=\"http:\/\/www.sudoestehoje.com.br\/novoportal\/wp-content\/uploads\/2016\/05\/jose-elias.jpg\" alt=\"jose elias\" width=\"210\" height=\"213\" \/><\/a><\/p>\n<p>Indagado sobre possibilidade de recomposi\u00e7\u00e3o pol\u00edtica com Z\u00e9 Carlos e o PT, Al\u00e9cio Chaves descartou participar da pr\u00f3xima elei\u00e7\u00e3o no mesmo palanque do prefeito. E se o PSD estadual for\u00e7ar uma reaproxima\u00e7\u00e3o? Foi garantido pela c\u00fapula partid\u00e1ria, liberdade de a\u00e7\u00e3o pol\u00edtica para Al\u00e9cio compor-se com quem quiser.<\/p>\n<p>O discurso do senador Otto Alencar em evento do PSD &#8220;se faz pol\u00edtica construindo pontes e n\u00e3o muros&#8221;, e afirmando no particular que Michel e Z\u00e9 Ot\u00e1vio s\u00e3o homens de bem, motivou o encontro entre Al\u00e9cio e Michel, e brevemente entre Al\u00e9cio e Z\u00e9 Ot\u00e1vio.<\/p>\n<p>Na reuni\u00e3o com Al\u00e9cio, Michel disse que continua empenhado em manter acordo preliminar com Z\u00e9 Ot\u00e1vio, de lan\u00e7amento de um candidato consensual DEM-PMDB, mas n\u00e3o descartou possibilidade de &#8220;n\u00e3o sendo poss\u00edvel encontrar um candidato de consenso&#8221;, voltar a conversar com Al\u00e9cio, mesmo havendo por parte do PMDB algumas quest\u00f5es que precisem ser resolvidas internamente, j\u00e1 que no \u00e2mbito estadual o PSD ap\u00f3ia o PT, o que \u00e9 fator de dificuldade, mas no \u00e2mbito federal o PSD sinaliza apoio ao governo Temer, o que \u00e9 \u00a0fator que facilitaria uma poss\u00edvel aproxima\u00e7\u00e3o PSD-PMDB.<\/p>\n<p>Existe uma grande preocupa\u00e7\u00e3o dos principais lideres oposicionistas em n\u00e3o fragmentar os eleitores que querem derrotar o governo petista. O cen\u00e1rio mais promissor para os pol\u00edticos que se colocam no campo oposicionista seria construir uma candidatura \u00fanica e tornar o pleito de outubro em elei\u00e7\u00e3o plebiscit\u00e1ria: aqueles que querem continuar do jeito que ta, contra aqueles que querem mudar.<\/p>\n<p><strong><em>Por Jos\u00e9 Elias Ribeiro<\/em><\/strong><\/p>\n","protected":false},"excerpt":{"rendered":"<p>Indagado sobre possibilidade de recomposi\u00e7\u00e3o pol\u00edtica com Z\u00e9 Carlos e o PT, Al\u00e9cio Chaves descartou participar da pr\u00f3xima elei\u00e7\u00e3o no mesmo palanque do prefeito. E se o PSD estadual for\u00e7ar uma reaproxima\u00e7\u00e3o? Foi garantido pela c\u00fapula partid\u00e1ria, liberdade de a\u00e7\u00e3o pol\u00edtica para Al\u00e9cio compor-se com quem quiser. O discurso do senador Otto Alencar em evento [&hellip;]<\/p>\n","protected":false},"author":2,"featured_media":0,"comment_status":"open","ping_status":"open","sticky":false,"template":"","format":"standard","meta":{"footnotes":"","_links_to":"","_links_to_target":""},"categories":[1],"tags":[],"class_list":["post-57243","post","type-post","status-publish","format-standard","hentry","category-geral"],"views":1538,"_links":{"self":[{"href":"https:\/\/www.sudoestehoje.com.br\/novoportal\/wp-json\/wp\/v2\/posts\/57243","targetHints":{"allow":["GET"]}}],"collection":[{"href":"https:\/\/www.sudoestehoje.com.br\/novoportal\/wp-json\/wp\/v2\/posts"}],"about":[{"href":"https:\/\/www.sudoestehoje.com.br\/novoportal\/wp-json\/wp\/v2\/types\/post"}],"author":[{"embeddable":true,"href":"https:\/\/www.sudoestehoje.com.br\/novoportal\/wp-json\/wp\/v2\/users\/2"}],"replies":[{"embeddable":true,"href":"https:\/\/www.sudoestehoje.com.br\/novoportal\/wp-json\/wp\/v2\/comments?post=57243"}],"version-history":[{"count":3,"href":"https:\/\/www.sudoestehoje.com.br\/novoportal\/wp-json\/wp\/v2\/posts\/57243\/revisions"}],"predecessor-version":[{"id":57265,"href":"https:\/\/www.sudoestehoje.com.br\/novoportal\/wp-json\/wp\/v2\/posts\/57243\/revisions\/57265"}],"wp:attachment":[{"href":"https:\/\/www.sudoestehoje.com.br\/novoportal\/wp-json\/wp\/v2\/media?parent=57243"}],"wp:term":[{"taxonomy":"category","embeddable":true,"href":"https:\/\/www.sudoestehoje.com.br\/novoportal\/wp-json\/wp\/v2\/categories?post=57243"},{"taxonomy":"post_tag","embeddable":true,"href":"https:\/\/www.sudoestehoje.com.br\/novoportal\/wp-json\/wp\/v2\/tags?post=57243"}],"curies":[{"name":"wp","href":"https:\/\/api.w.org\/{rel}","templated":true}]}}