
{"id":57048,"date":"2016-04-28T20:49:06","date_gmt":"2016-04-28T23:49:06","guid":{"rendered":"http:\/\/www.sudoestehoje.com.br\/novoportal\/?p=57048"},"modified":"2016-04-29T00:15:37","modified_gmt":"2016-04-29T03:15:37","slug":"itapetinga-professores-da-rede-municipal-entram-em-greve-a-partir-de-4-de-maio","status":"publish","type":"post","link":"https:\/\/www.sudoestehoje.com.br\/novoportal\/2016\/04\/28\/itapetinga-professores-da-rede-municipal-entram-em-greve-a-partir-de-4-de-maio\/","title":{"rendered":"ITAPETINGA: PROFESSORES DA REDE MUNICIPAL ENTRAM EM GREVE A PARTIR DE 4 DE MAIO"},"content":{"rendered":"<p><a href=\"http:\/\/www.sudoestehoje.com.br\/novoportal\/wp-content\/uploads\/2016\/04\/prof.jpg\" rel=\"attachment wp-att-57049\"><img loading=\"lazy\" decoding=\"async\" class=\"aligncenter size-medium wp-image-57049\" src=\"http:\/\/www.sudoestehoje.com.br\/novoportal\/wp-content\/uploads\/2016\/04\/prof-500x281.jpg\" alt=\"prof\" width=\"500\" height=\"281\" srcset=\"https:\/\/www.sudoestehoje.com.br\/novoportal\/wp-content\/uploads\/2016\/04\/prof-500x281.jpg 500w, https:\/\/www.sudoestehoje.com.br\/novoportal\/wp-content\/uploads\/2016\/04\/prof-768x432.jpg 768w, https:\/\/www.sudoestehoje.com.br\/novoportal\/wp-content\/uploads\/2016\/04\/prof-700x394.jpg 700w, https:\/\/www.sudoestehoje.com.br\/novoportal\/wp-content\/uploads\/2016\/04\/prof.jpg 960w\" sizes=\"auto, (max-width: 500px) 100vw, 500px\" \/><\/a><\/p>\n<p>Depois de v\u00e1rias manifesta\u00e7\u00f5es e tentativas de negociar com o prefeito Z\u00e9 Carlos o reajuste salarial, os professores da rede municipal de ensino decidiram deflagrar greve por prazo indeterminado, a partir da pr\u00f3xima quarta-feira, 4 de maio.<\/p>\n<p>De acordo com a APLB, os professores reivindicam um reajuste em torno de 10%, mas o prefeito e o secret\u00e1rio de educa\u00e7\u00e3o n\u00e3o se dignaram, sequer, de se reunirem com os docentes para ouvir as suas reivindica\u00e7\u00f5es.<\/p>\n<p>Esgotadas todas as tentativas, os professores decidiram, em assembl\u00e9ia geral, entrar em greve, paralisando todas as escolas municipais, por prazo indeterminado.<\/p>\n<p>CONTRATADOS SEM RECEBER H\u00c1 5 MESES<\/p>\n<p>Outra categoria que tamb\u00e9m est\u00e1 em p\u00e9-de-guerra com a administra\u00e7\u00e3o municipal \u00e9 a dos servidores contratados, que n\u00e3o recebem sal\u00e1rios h\u00e1 mais de 5 meses.<\/p>\n<p>Em todas as secretarias, incluindo a COMUTRAN, servidores contratados sem concurso p\u00fablico reclamam do calote dado pelo prefeito, culpando, principalmente, o secret\u00e1rio Ricardo Dutra, que levou as finan\u00e7as municipais \u00e0 banca rota, por absoluta incompet\u00eancia, despreparo e m\u00e1-f\u00e9, segundo denunciam abertamente os servidores.<\/p>\n<p><strong><em>Por Davi Ferraz<\/em><\/strong><\/p>\n<p><img decoding=\"async\" class=\"aligncenter\" src=\"http:\/\/www.sudoestehoje.com.br\/novoportal\/wp-content\/uploads\/2015\/07\/%C3%93TICA-ITAPUAN-BANNER1-500x179.jpg\" alt=\"\u00d3TICA-ITAPUAN-BANNER1\" \/><\/p>\n","protected":false},"excerpt":{"rendered":"<p>Depois de v\u00e1rias manifesta\u00e7\u00f5es e tentativas de negociar com o prefeito Z\u00e9 Carlos o reajuste salarial, os professores da rede municipal de ensino decidiram deflagrar greve por prazo indeterminado, a partir da pr\u00f3xima quarta-feira, 4 de maio. De acordo com a APLB, os professores reivindicam um reajuste em torno de 10%, mas o prefeito e [&hellip;]<\/p>\n","protected":false},"author":2,"featured_media":0,"comment_status":"open","ping_status":"open","sticky":false,"template":"","format":"standard","meta":{"footnotes":"","_links_to":"","_links_to_target":""},"categories":[1],"tags":[],"class_list":["post-57048","post","type-post","status-publish","format-standard","hentry","category-geral"],"views":175,"_links":{"self":[{"href":"https:\/\/www.sudoestehoje.com.br\/novoportal\/wp-json\/wp\/v2\/posts\/57048","targetHints":{"allow":["GET"]}}],"collection":[{"href":"https:\/\/www.sudoestehoje.com.br\/novoportal\/wp-json\/wp\/v2\/posts"}],"about":[{"href":"https:\/\/www.sudoestehoje.com.br\/novoportal\/wp-json\/wp\/v2\/types\/post"}],"author":[{"embeddable":true,"href":"https:\/\/www.sudoestehoje.com.br\/novoportal\/wp-json\/wp\/v2\/users\/2"}],"replies":[{"embeddable":true,"href":"https:\/\/www.sudoestehoje.com.br\/novoportal\/wp-json\/wp\/v2\/comments?post=57048"}],"version-history":[{"count":7,"href":"https:\/\/www.sudoestehoje.com.br\/novoportal\/wp-json\/wp\/v2\/posts\/57048\/revisions"}],"predecessor-version":[{"id":57061,"href":"https:\/\/www.sudoestehoje.com.br\/novoportal\/wp-json\/wp\/v2\/posts\/57048\/revisions\/57061"}],"wp:attachment":[{"href":"https:\/\/www.sudoestehoje.com.br\/novoportal\/wp-json\/wp\/v2\/media?parent=57048"}],"wp:term":[{"taxonomy":"category","embeddable":true,"href":"https:\/\/www.sudoestehoje.com.br\/novoportal\/wp-json\/wp\/v2\/categories?post=57048"},{"taxonomy":"post_tag","embeddable":true,"href":"https:\/\/www.sudoestehoje.com.br\/novoportal\/wp-json\/wp\/v2\/tags?post=57048"}],"curies":[{"name":"wp","href":"https:\/\/api.w.org\/{rel}","templated":true}]}}