
{"id":56980,"date":"2016-04-25T12:37:59","date_gmt":"2016-04-25T15:37:59","guid":{"rendered":"http:\/\/www.sudoestehoje.com.br\/novoportal\/?p=56980"},"modified":"2016-04-26T20:45:06","modified_gmt":"2016-04-26T23:45:06","slug":"jose-elias-consenso-entre-dem-e-pmdb-so-sai-se-nao-houver-imposicao","status":"publish","type":"post","link":"https:\/\/www.sudoestehoje.com.br\/novoportal\/2016\/04\/25\/jose-elias-consenso-entre-dem-e-pmdb-so-sai-se-nao-houver-imposicao\/","title":{"rendered":"JOS\u00c9 ELIAS: &#8220;CONSENSO ENTRE DEM E PMDB S\u00d3 SAI SE N\u00c3O HOUVER IMPOSI\u00c7\u00c3O&#8221;"},"content":{"rendered":"<p><a href=\"http:\/\/www.sudoestehoje.com.br\/novoportal\/wp-content\/uploads\/2016\/04\/jose-elias-1.jpg\" rel=\"attachment wp-att-56981\"><img loading=\"lazy\" decoding=\"async\" class=\"size-full wp-image-56981 alignleft\" src=\"http:\/\/www.sudoestehoje.com.br\/novoportal\/wp-content\/uploads\/2016\/04\/jose-elias-1.jpg\" alt=\"jose elias\" width=\"190\" height=\"193\" \/><\/a><\/p>\n<p>Existe um acordo preliminar entre Michel e Z\u00e9 Ot\u00e1vio, de lan\u00e7arem um candidato de consenso para disputar o pleito de outubro. Salutar lembrar, que consenso significa consentimento. Z\u00e9 Ot\u00e1vio na cabe\u00e7a de chapa, automaticamente o PMDB indica o vice, e assunto encerrado. Z\u00e9 Ot\u00e1vio n\u00e3o aceitando entrar na disputa, estabelece certa confus\u00e3o para decidir quem ser\u00e1 o escolhido para tal miss\u00e3o.<\/p>\n<p>A indica\u00e7\u00e3o de tr\u00eas nomes do PMDB e tr\u00eas do Democrata foi uma jogada de mestre para referendar a escolha da coaliz\u00e3o. Em busca de um candidato consensual, os partidos tomar\u00e3o uma decis\u00e3o, analisando os nomes colocados para aprecia\u00e7\u00e3o, e evidentemente o escolhido ser\u00e1 aquele que n\u00e3o h\u00e1 argumentos contr\u00e1rios ou obje\u00e7\u00f5es.<\/p>\n<p>No acordo PMDB-DEM existe espa\u00e7o para contemplar a inclus\u00e3o do PSDB. Um importante segmento da sociedade trabalha para viabilizar o nome do presidente do Sindicato Rural, Adriano Alc\u00e2ntara. Como harmonizar tr\u00eas partidos para duas vagas? Este \u00e9 o desafio. Michel e Z\u00e9 Ot\u00e1vio devem avaliar se \u00e9 poss\u00edvel, com o m\u00e1ximo desprendimento, a possibilidade de um dos dois abrir m\u00e3o de um correligion\u00e1rio na chapa. O mesmo racioc\u00ednio vale, para o PSDB.<\/p>\n<p>Importante relembrar, que parte majorit\u00e1ria dos eleitores de nosso munic\u00edpio quer sufragar um candidato de oposi\u00e7\u00e3o ao prefeito Z\u00e9 Carlos. Encontrar um candidato aprovado por consenso &#8211; acordo entre v\u00e1rias pessoas, n\u00e3o \u00e9 f\u00e1cil. Ser\u00e1 poss\u00edvel?\u00a0Sim. Se esquecerem a palavra imposi\u00e7\u00e3o.<\/p>\n<p><strong><em>Por Jos\u00e9 Elias Ribeiro<\/em><\/strong><\/p>\n<p><img decoding=\"async\" class=\"aligncenter\" src=\"http:\/\/www.sudoestehoje.com.br\/novoportal\/wp-content\/uploads\/2014\/12\/Banner-Casabella-500x104.jpg\" alt=\"\" \/><\/p>\n","protected":false},"excerpt":{"rendered":"<p>Existe um acordo preliminar entre Michel e Z\u00e9 Ot\u00e1vio, de lan\u00e7arem um candidato de consenso para disputar o pleito de outubro. Salutar lembrar, que consenso significa consentimento. Z\u00e9 Ot\u00e1vio na cabe\u00e7a de chapa, automaticamente o PMDB indica o vice, e assunto encerrado. Z\u00e9 Ot\u00e1vio n\u00e3o aceitando entrar na disputa, estabelece certa confus\u00e3o para decidir quem [&hellip;]<\/p>\n","protected":false},"author":2,"featured_media":0,"comment_status":"open","ping_status":"open","sticky":false,"template":"","format":"standard","meta":{"footnotes":"","_links_to":"","_links_to_target":""},"categories":[1],"tags":[],"class_list":["post-56980","post","type-post","status-publish","format-standard","hentry","category-geral"],"views":1548,"_links":{"self":[{"href":"https:\/\/www.sudoestehoje.com.br\/novoportal\/wp-json\/wp\/v2\/posts\/56980","targetHints":{"allow":["GET"]}}],"collection":[{"href":"https:\/\/www.sudoestehoje.com.br\/novoportal\/wp-json\/wp\/v2\/posts"}],"about":[{"href":"https:\/\/www.sudoestehoje.com.br\/novoportal\/wp-json\/wp\/v2\/types\/post"}],"author":[{"embeddable":true,"href":"https:\/\/www.sudoestehoje.com.br\/novoportal\/wp-json\/wp\/v2\/users\/2"}],"replies":[{"embeddable":true,"href":"https:\/\/www.sudoestehoje.com.br\/novoportal\/wp-json\/wp\/v2\/comments?post=56980"}],"version-history":[{"count":3,"href":"https:\/\/www.sudoestehoje.com.br\/novoportal\/wp-json\/wp\/v2\/posts\/56980\/revisions"}],"predecessor-version":[{"id":57014,"href":"https:\/\/www.sudoestehoje.com.br\/novoportal\/wp-json\/wp\/v2\/posts\/56980\/revisions\/57014"}],"wp:attachment":[{"href":"https:\/\/www.sudoestehoje.com.br\/novoportal\/wp-json\/wp\/v2\/media?parent=56980"}],"wp:term":[{"taxonomy":"category","embeddable":true,"href":"https:\/\/www.sudoestehoje.com.br\/novoportal\/wp-json\/wp\/v2\/categories?post=56980"},{"taxonomy":"post_tag","embeddable":true,"href":"https:\/\/www.sudoestehoje.com.br\/novoportal\/wp-json\/wp\/v2\/tags?post=56980"}],"curies":[{"name":"wp","href":"https:\/\/api.w.org\/{rel}","templated":true}]}}