
{"id":5697,"date":"2011-06-13T00:07:12","date_gmt":"2011-06-13T03:07:12","guid":{"rendered":"http:\/\/www.sudoestehoje.com.br\/novoportal\/?p=5697"},"modified":"2011-06-13T00:07:12","modified_gmt":"2011-06-13T03:07:12","slug":"governo-pressiona-na-justica-para-acabar-greve-das-universidades","status":"publish","type":"post","link":"https:\/\/www.sudoestehoje.com.br\/novoportal\/2011\/06\/13\/governo-pressiona-na-justica-para-acabar-greve-das-universidades\/","title":{"rendered":"GOVERNO PRESSIONA NA JUSTI\u00c7A PARA ACABAR GREVE DAS UNIVERSIDADES"},"content":{"rendered":"<p style=\"text-align: center;\"><img decoding=\"async\" src=\"http:\/\/1.bp.blogspot.com\/-6bVwL0EAG0E\/TepKijIGZDI\/AAAAAAAAB1I\/gHX216qbZpQ\/s320\/GREVE%2BUESB.jpg\" alt=\"\" \/><\/p>\n<p style=\"text-align: center;\"><em><strong>Professores em greve resistem<\/strong><\/em><\/p>\n<p>\u00a0<\/p>\n<p>No final da tarde desta sexta-feira (10), \u00a0a Justi\u00e7a (8\u00aa Vara da Fazenda P\u00fablica da Comarca de Salvador) comunicou \u00e0s Associa\u00e7\u00f5es de Docentes (ADUSFS e ADUSC) a extens\u00e3o dos efeitos da liminar da A\u00e7\u00e3o Civil P\u00fablica em favor do Estado da Bahia proferida no \u00faltimo dia 31 de maio\u00a0alegando que a greve na Universidade do Estado da Bahia (UNEB) era ilegal, determinando o imediato retorno \u00e0s atividades em 48 horas.\u00a0<\/p>\n<p>Da mesma forma, o juiz Mario Soares Caymmi Gomes, alega que a greve est\u00e1 comprometendo o ano letivo do alunado, considerando-a ilegal haja vista a educa\u00e7\u00e3o ser um direito de relev\u00e2ncia p\u00fablica, al\u00e9m de afirmar que n\u00e3o h\u00e1 registro de negocia\u00e7\u00e3o por parte dos grevistas e de que n\u00e3o houve a comunica\u00e7\u00e3o pr\u00e9via conforme exigida pela legisla\u00e7\u00e3o.<\/p>\n<p>O assessor jur\u00eddico, Erick Menezes, explicou a ilegalidade da liminar: \u201cPrimeiramente porque trata de uma decis\u00e3o em primeira inst\u00e2ncia e segundo porque j\u00e1 h\u00e1 um despacho do TJ que se sobrep\u00f5e a esta, n\u00e3o podendo ser contrariada\u201d. Nesta segunda-feira (13), o assessor ir\u00e1 ao Tribunal de Justi\u00e7a pedir a desconsidera\u00e7\u00e3o e arquivamento da decis\u00e3o. Informa\u00e7\u00f5es Blog do Anderson<\/p>\n","protected":false},"excerpt":{"rendered":"<p>Professores em greve resistem \u00a0 No final da tarde desta sexta-feira (10), \u00a0a Justi\u00e7a (8\u00aa Vara da Fazenda P\u00fablica da Comarca de Salvador) comunicou \u00e0s Associa\u00e7\u00f5es de Docentes (ADUSFS e ADUSC) a extens\u00e3o dos efeitos da liminar da A\u00e7\u00e3o Civil P\u00fablica em favor do Estado da Bahia proferida no \u00faltimo dia 31 de maio\u00a0alegando que [&hellip;]<\/p>\n","protected":false},"author":2,"featured_media":0,"comment_status":"open","ping_status":"open","sticky":false,"template":"","format":"standard","meta":{"footnotes":"","_links_to":"","_links_to_target":""},"categories":[1],"tags":[],"class_list":["post-5697","post","type-post","status-publish","format-standard","hentry","category-geral"],"views":1181,"_links":{"self":[{"href":"https:\/\/www.sudoestehoje.com.br\/novoportal\/wp-json\/wp\/v2\/posts\/5697","targetHints":{"allow":["GET"]}}],"collection":[{"href":"https:\/\/www.sudoestehoje.com.br\/novoportal\/wp-json\/wp\/v2\/posts"}],"about":[{"href":"https:\/\/www.sudoestehoje.com.br\/novoportal\/wp-json\/wp\/v2\/types\/post"}],"author":[{"embeddable":true,"href":"https:\/\/www.sudoestehoje.com.br\/novoportal\/wp-json\/wp\/v2\/users\/2"}],"replies":[{"embeddable":true,"href":"https:\/\/www.sudoestehoje.com.br\/novoportal\/wp-json\/wp\/v2\/comments?post=5697"}],"version-history":[{"count":2,"href":"https:\/\/www.sudoestehoje.com.br\/novoportal\/wp-json\/wp\/v2\/posts\/5697\/revisions"}],"predecessor-version":[{"id":5699,"href":"https:\/\/www.sudoestehoje.com.br\/novoportal\/wp-json\/wp\/v2\/posts\/5697\/revisions\/5699"}],"wp:attachment":[{"href":"https:\/\/www.sudoestehoje.com.br\/novoportal\/wp-json\/wp\/v2\/media?parent=5697"}],"wp:term":[{"taxonomy":"category","embeddable":true,"href":"https:\/\/www.sudoestehoje.com.br\/novoportal\/wp-json\/wp\/v2\/categories?post=5697"},{"taxonomy":"post_tag","embeddable":true,"href":"https:\/\/www.sudoestehoje.com.br\/novoportal\/wp-json\/wp\/v2\/tags?post=5697"}],"curies":[{"name":"wp","href":"https:\/\/api.w.org\/{rel}","templated":true}]}}