
{"id":56914,"date":"2016-04-23T18:51:16","date_gmt":"2016-04-23T21:51:16","guid":{"rendered":"http:\/\/www.sudoestehoje.com.br\/novoportal\/?p=56914"},"modified":"2016-04-23T19:07:55","modified_gmt":"2016-04-23T22:07:55","slug":"odontomovel-atendera-em-itapetinga-entre-os-dias-2-e-7-de-maio","status":"publish","type":"post","link":"https:\/\/www.sudoestehoje.com.br\/novoportal\/2016\/04\/23\/odontomovel-atendera-em-itapetinga-entre-os-dias-2-e-7-de-maio\/","title":{"rendered":"ODONTOM\u00d3VEL ATENDER\u00c1 EM ITAPETINGA ENTRE OS DIAS 2 E 7 DE MAIO"},"content":{"rendered":"<p><a href=\"http:\/\/www.sudoestehoje.com.br\/novoportal\/wp-content\/uploads\/2016\/04\/odontomovel.jpg\" rel=\"attachment wp-att-56915\"><img loading=\"lazy\" decoding=\"async\" class=\"aligncenter size-medium wp-image-56915\" src=\"http:\/\/www.sudoestehoje.com.br\/novoportal\/wp-content\/uploads\/2016\/04\/odontomovel-500x375.jpg\" alt=\"odontomovel\" width=\"500\" height=\"375\" srcset=\"https:\/\/www.sudoestehoje.com.br\/novoportal\/wp-content\/uploads\/2016\/04\/odontomovel-500x375.jpg 500w, https:\/\/www.sudoestehoje.com.br\/novoportal\/wp-content\/uploads\/2016\/04\/odontomovel.jpg 600w\" sizes=\"auto, (max-width: 500px) 100vw, 500px\" \/><\/a><\/p>\n<p>Numa iniciativa do deputado federal Ant\u00f4nio Brito, o &#8216;Odontom\u00f3vel&#8217; da Secretaria Estadual de Sa\u00fade atender\u00e1 a popula\u00e7\u00e3o de Itapetinga, entre os dias 2 e 7 de maio pr\u00f3ximo. Segundo o advogado Leonardo Matos, os atendimentos ser\u00e3o realizados no Parque Poliesportivo da Lagoa, onde toda a estrutura do Odontom\u00f3vel ser\u00e1 instalada.<\/p>\n<p>As carretas do Odontom\u00f3vel s\u00e3o compostas por conjuntos odontol\u00f3gicos onde trabalham, simultaneamente, at\u00e9 dez dentistas, al\u00e9m de profissionais que atendem nas tendas instaladas na parte externa e orientam sobre a sa\u00fade bucal. De acordo com os odont\u00f3logos da SESAB, mesmo a cadeira de odontologia estando instalada em um caminh\u00e3o, \u00e9 como se funcionasse em qualquer outro consult\u00f3rio.<\/p>\n<p>Os principais procedimentos s\u00e3o: profilaxia, obtura\u00e7\u00e3o, extra\u00e7\u00e3o, al\u00e9m de pequenas cirurgias, afirmaram os odont\u00f3logos. No Odontom\u00f3vel s\u00e3o realizados ainda outros procedimentos como restaura\u00e7\u00e3o, tratamento de canal, coroa provis\u00f3ria, aplica\u00e7\u00e3o de fl\u00faor, exame radiol\u00f3gico, periodontia (tratamento de gengiva).\u00a0A capacidade operacional de atendimento desta unidade \u00e9 de cerca de 140 (cento e quarenta) pacientes por dia, de segunda a sexta-feira, no s\u00e1bado 70.<\/p>\n<p>PRIORIDADE PARA ESTUDANTES DA REDE ESTADUAL<\/p>\n<p><a href=\"http:\/\/www.sudoestehoje.com.br\/novoportal\/wp-content\/uploads\/2016\/04\/odonto.jpg\" rel=\"attachment wp-att-56916\"><img loading=\"lazy\" decoding=\"async\" class=\"aligncenter size-medium wp-image-56916\" src=\"http:\/\/www.sudoestehoje.com.br\/novoportal\/wp-content\/uploads\/2016\/04\/odonto-500x332.jpg\" alt=\"odonto\" width=\"500\" height=\"332\" srcset=\"https:\/\/www.sudoestehoje.com.br\/novoportal\/wp-content\/uploads\/2016\/04\/odonto-500x332.jpg 500w, https:\/\/www.sudoestehoje.com.br\/novoportal\/wp-content\/uploads\/2016\/04\/odonto.jpg 680w\" sizes=\"auto, (max-width: 500px) 100vw, 500px\" \/><\/a><\/p>\n<p>Segundo a SESAB, 50% da clientela a ser atendida dever\u00e1 ser, obrigatoriamente, de estudantes da rede estadual de ensino. Os tratamentos endod\u00f4nticos (canais) tamb\u00e9m n\u00e3o podem ser agendados, devendo surgir do fluxo interno de atendimento dos demais odont\u00f3logos da a\u00e7\u00e3o.<\/p>\n<p>Este servi\u00e7o atende plenamente a Resolu\u00e7\u00e3o N0 167\/2015, priorizando os clientes portadores de necessidades especiais ou mobilidade reduzida, desde que sua necessidade se enquadre no perfil.\u00a0 Documento de identidade (com foto) e Cart\u00e3o SUS s\u00e3o os documentos B\u00e1sicos o atendimento, sem exce\u00e7\u00e3o.<\/p>\n<p>IMPORTANTE: Crian\u00e7as, menores de idade e pessoas consideradas incapazes, obrigatoriamente, devem apresentar termo de autoriza\u00e7\u00e3o assinado pelos pais ou respons\u00e1vel legal.Diariamente ser\u00e3o realizadas a\u00e7\u00f5es educativas no local do projeto e nas escolas Estaduais e Municipais. Ascom<\/p>\n","protected":false},"excerpt":{"rendered":"<p>Numa iniciativa do deputado federal Ant\u00f4nio Brito, o &#8216;Odontom\u00f3vel&#8217; da Secretaria Estadual de Sa\u00fade atender\u00e1 a popula\u00e7\u00e3o de Itapetinga, entre os dias 2 e 7 de maio pr\u00f3ximo. Segundo o advogado Leonardo Matos, os atendimentos ser\u00e3o realizados no Parque Poliesportivo da Lagoa, onde toda a estrutura do Odontom\u00f3vel ser\u00e1 instalada. As carretas do Odontom\u00f3vel s\u00e3o [&hellip;]<\/p>\n","protected":false},"author":2,"featured_media":0,"comment_status":"open","ping_status":"open","sticky":false,"template":"","format":"standard","meta":{"footnotes":"","_links_to":"","_links_to_target":""},"categories":[1],"tags":[],"class_list":["post-56914","post","type-post","status-publish","format-standard","hentry","category-geral"],"views":1755,"_links":{"self":[{"href":"https:\/\/www.sudoestehoje.com.br\/novoportal\/wp-json\/wp\/v2\/posts\/56914","targetHints":{"allow":["GET"]}}],"collection":[{"href":"https:\/\/www.sudoestehoje.com.br\/novoportal\/wp-json\/wp\/v2\/posts"}],"about":[{"href":"https:\/\/www.sudoestehoje.com.br\/novoportal\/wp-json\/wp\/v2\/types\/post"}],"author":[{"embeddable":true,"href":"https:\/\/www.sudoestehoje.com.br\/novoportal\/wp-json\/wp\/v2\/users\/2"}],"replies":[{"embeddable":true,"href":"https:\/\/www.sudoestehoje.com.br\/novoportal\/wp-json\/wp\/v2\/comments?post=56914"}],"version-history":[{"count":4,"href":"https:\/\/www.sudoestehoje.com.br\/novoportal\/wp-json\/wp\/v2\/posts\/56914\/revisions"}],"predecessor-version":[{"id":56920,"href":"https:\/\/www.sudoestehoje.com.br\/novoportal\/wp-json\/wp\/v2\/posts\/56914\/revisions\/56920"}],"wp:attachment":[{"href":"https:\/\/www.sudoestehoje.com.br\/novoportal\/wp-json\/wp\/v2\/media?parent=56914"}],"wp:term":[{"taxonomy":"category","embeddable":true,"href":"https:\/\/www.sudoestehoje.com.br\/novoportal\/wp-json\/wp\/v2\/categories?post=56914"},{"taxonomy":"post_tag","embeddable":true,"href":"https:\/\/www.sudoestehoje.com.br\/novoportal\/wp-json\/wp\/v2\/tags?post=56914"}],"curies":[{"name":"wp","href":"https:\/\/api.w.org\/{rel}","templated":true}]}}