
{"id":5681,"date":"2011-06-12T10:51:04","date_gmt":"2011-06-12T13:51:04","guid":{"rendered":"http:\/\/www.sudoestehoje.com.br\/novoportal\/?p=5681"},"modified":"2011-06-12T11:09:56","modified_gmt":"2011-06-12T14:09:56","slug":"vaca-loca-ou-ticomia","status":"publish","type":"post","link":"https:\/\/www.sudoestehoje.com.br\/novoportal\/2011\/06\/12\/vaca-loca-ou-ticomia\/","title":{"rendered":"VACA L\u00d4CA OU TICOMIA?"},"content":{"rendered":"<p style=\"text-align: center;\"><a href=\"http:\/\/www.google.com.br\/imgres?imgurl=http:\/\/www.batevoltadorei.com\/images\/ingresso-ticomia-2011.gif&amp;imgrefurl=http:\/\/www.batevoltadorei.com\/products_new.php&amp;usg=__VzV07LtDE47Oa6T_Ij_gNLj8hlw=&amp;h=156&amp;w=156&amp;sz=15&amp;hl=pt-BR&amp;start=13&amp;zoom=1&amp;um=1&amp;itbs=1&amp;tbnid=rOADyByaJpqUKM:&amp;tbnh=97&amp;tbnw=97&amp;prev=\/search%3Fq%3Dticomia%2Bvaca%2Bl%25C3%25B4ca%26um%3D1%26hl%3Dpt-BR%26sa%3DG%26rlz%3D1T4SKPB_pt-BRBR354BR359%26tbm%3Disch&amp;ei=6sL0TZK7LoXDgQeWvNicDQ\"><img loading=\"lazy\" decoding=\"async\" id=\"rOADyByaJpqUKM:\" class=\"aligncenter\" src=\"http:\/\/t3.gstatic.com\/images?q=tbn:ANd9GcTTQWbSUHMZMS8bjqY-9Rw8yzL7b2IE80QyJ72yyt32qV3ZZkq1J6Z65P4\" alt=\"\" width=\"97\" height=\"97\" \/><\/a><\/p>\n<p>A pedido de uma sobrinha, que mora em Salvador, sa\u00ed em busca de ingressos das tradicionais festas da VACA L\u00d4CA (Itapetinga)\u00a0e TICOMIA (Ibicu\u00ed). Fui \u00e0 central de ingressos do Vaca L\u00f4ca, na Av. Cinquenten\u00e1rio, e n\u00e3o tive nenhum problema para adquirir os ingressos, pelo pre\u00e7o de R$90,00 (pista). Havia ingressos de sobra e ainda fui informado que as vendas continuar\u00e3o at\u00e9 a v\u00e9spera da festa. Sa\u00ed, ent\u00e3o, em busca dos ingressos do Ticomia, mas a\u00ed o bicho pegou. A todos que eu perguntava, a resposta era a mesma: os ingressos do Ticomia esgotaram, desde o in\u00edcio da semana, pelo pre\u00e7o de R$300,00 (pista). O amigo Chico da Fino&#8217;s ainda tentou me ajudar, ligando para a central de ingressos em Itabuna, mas a resposta foi a mesma: os ingressos est\u00e3o esgotados. Vejam como a tradi\u00e7\u00e3o e uma boa divulga\u00e7\u00e3o faz a diferen\u00e7a.<\/p>\n<p>S\u00c3O JO\u00c3O DOM\u00c9STICO<\/p>\n<p style=\"text-align: center;\"><a href=\"http:\/\/www.google.com.br\/imgres?imgurl=http:\/\/lh5.ggpht.com\/_NAIJ2AuuvcA\/RoV8FZP6GFI\/AAAAAAAABHY\/AE7wvKoJp_I\/DSC02356.JPG&amp;imgrefurl=http:\/\/themewordpress2011.com\/new-theme-wordpress\/desenho-de-sao-joao-2011&amp;usg=__IrCoC83P26xN-4P3hRt3JpKXZhU=&amp;h=1200&amp;w=1600&amp;sz=264&amp;hl=pt-BR&amp;start=19&amp;zoom=1&amp;um=1&amp;itbs=1&amp;tbnid=6Yi_H2HxN7cB0M:&amp;tbnh=113&amp;tbnw=150&amp;prev=\/search%3Fq%3Ds%25C3%25A3o%2Bjo%25C3%25A3o%2Bitapetinga%2B2011%26um%3D1%26hl%3Dpt-BR%26sa%3DN%26rlz%3D1T4SKPB_pt-BRBR354BR359%26tbm%3Disch&amp;ei=h8L0TY_VIcrogQfQlqidDQ\"><img loading=\"lazy\" decoding=\"async\" id=\"6Yi_H2HxN7cB0M:\" class=\"aligncenter\" src=\"http:\/\/t3.gstatic.com\/images?q=tbn:ANd9GcQ_5iTAKK5jHa3ffpwU1lTm8VlIdAt-5D6X2UogRZ1y3gCsJzXOREOPmZI\" alt=\"\" width=\"150\" height=\"113\" \/><\/a><\/p>\n<p>A julgar pelas atra\u00e7\u00f5es, o S\u00e3o Jo\u00e3o de Itapetinga se equipara e at\u00e9 supera as festas\u00a0juninas mais badaladas da Bahia. Por que ent\u00e3o o nosso S\u00e3o Jo\u00e3o n\u00e3o atrai\u00a0tantos visitantes quanto Amargosa, Ibicu\u00ed, Cachoeira, Itoror\u00f3 e Jequi\u00e9? A resposta, \u00e9\u00f3bvia: a mentalidade atrasada dos organizadores e a falta de divulga\u00e7\u00e3o. Os promotores das festas em Itapetinga, tanto os da prefeitura, quanto os promotores particulares, n\u00e3o fazem nenhum investimento em marketing e propaganda,\u00a0achando que n\u00e3o d\u00e1 retorno. Procurem nos blogs da Bahia, por exemplo, e veja se h\u00e1 alguma propaganda do S\u00e3o Jo\u00e3o de Itapetinga ou da Vaca L\u00f4ca.\u00a0\u00a0N\u00e3o h\u00e1, pois a ambi\u00e7\u00e3o desmedida e mentalidade atrasada dos\u00a0promotores das nossas festas entende que propaganda na Internet \u00e9 desnecess\u00e1ria. Por isto \u00e9 que sobram ingressos do Vaca L\u00f4ca e faltam ingressos do Ticomia. Isto, sem falar da diferen\u00e7a de\u00a0pre\u00e7os&#8230;<\/p>\n","protected":false},"excerpt":{"rendered":"<p>A pedido de uma sobrinha, que mora em Salvador, sa\u00ed em busca de ingressos das tradicionais festas da VACA L\u00d4CA (Itapetinga)\u00a0e TICOMIA (Ibicu\u00ed). Fui \u00e0 central de ingressos do Vaca L\u00f4ca, na Av. Cinquenten\u00e1rio, e n\u00e3o tive nenhum problema para adquirir os ingressos, pelo pre\u00e7o de R$90,00 (pista). Havia ingressos de sobra e ainda fui [&hellip;]<\/p>\n","protected":false},"author":2,"featured_media":0,"comment_status":"open","ping_status":"open","sticky":false,"template":"","format":"standard","meta":{"footnotes":"","_links_to":"","_links_to_target":""},"categories":[11],"tags":[],"class_list":["post-5681","post","type-post","status-publish","format-standard","hentry","category-quentinhas"],"views":185,"_links":{"self":[{"href":"https:\/\/www.sudoestehoje.com.br\/novoportal\/wp-json\/wp\/v2\/posts\/5681","targetHints":{"allow":["GET"]}}],"collection":[{"href":"https:\/\/www.sudoestehoje.com.br\/novoportal\/wp-json\/wp\/v2\/posts"}],"about":[{"href":"https:\/\/www.sudoestehoje.com.br\/novoportal\/wp-json\/wp\/v2\/types\/post"}],"author":[{"embeddable":true,"href":"https:\/\/www.sudoestehoje.com.br\/novoportal\/wp-json\/wp\/v2\/users\/2"}],"replies":[{"embeddable":true,"href":"https:\/\/www.sudoestehoje.com.br\/novoportal\/wp-json\/wp\/v2\/comments?post=5681"}],"version-history":[{"count":3,"href":"https:\/\/www.sudoestehoje.com.br\/novoportal\/wp-json\/wp\/v2\/posts\/5681\/revisions"}],"predecessor-version":[{"id":5683,"href":"https:\/\/www.sudoestehoje.com.br\/novoportal\/wp-json\/wp\/v2\/posts\/5681\/revisions\/5683"}],"wp:attachment":[{"href":"https:\/\/www.sudoestehoje.com.br\/novoportal\/wp-json\/wp\/v2\/media?parent=5681"}],"wp:term":[{"taxonomy":"category","embeddable":true,"href":"https:\/\/www.sudoestehoje.com.br\/novoportal\/wp-json\/wp\/v2\/categories?post=5681"},{"taxonomy":"post_tag","embeddable":true,"href":"https:\/\/www.sudoestehoje.com.br\/novoportal\/wp-json\/wp\/v2\/tags?post=5681"}],"curies":[{"name":"wp","href":"https:\/\/api.w.org\/{rel}","templated":true}]}}