
{"id":56732,"date":"2016-04-15T18:25:02","date_gmt":"2016-04-15T21:25:02","guid":{"rendered":"http:\/\/www.sudoestehoje.com.br\/novoportal\/?p=56732"},"modified":"2016-04-15T18:29:56","modified_gmt":"2016-04-15T21:29:56","slug":"impeachment-de-dilma-ja-tem-apoio-declarado-de-346-deputados-federais","status":"publish","type":"post","link":"https:\/\/www.sudoestehoje.com.br\/novoportal\/2016\/04\/15\/impeachment-de-dilma-ja-tem-apoio-declarado-de-346-deputados-federais\/","title":{"rendered":"IMPEACHMENT DE DILMA J\u00c1 TEM APOIO DECLARADO DE 347 DEPUTADOS FEDERAIS"},"content":{"rendered":"<p><a href=\"http:\/\/www.sudoestehoje.com.br\/novoportal\/wp-content\/uploads\/2016\/04\/Placar-Estadao.jpg\" rel=\"attachment wp-att-56733\"><img loading=\"lazy\" decoding=\"async\" class=\"aligncenter size-medium wp-image-56733\" src=\"http:\/\/www.sudoestehoje.com.br\/novoportal\/wp-content\/uploads\/2016\/04\/Placar-Estadao-500x219.jpg\" alt=\"Placar Estadao\" width=\"500\" height=\"219\" srcset=\"https:\/\/www.sudoestehoje.com.br\/novoportal\/wp-content\/uploads\/2016\/04\/Placar-Estadao-500x219.jpg 500w, https:\/\/www.sudoestehoje.com.br\/novoportal\/wp-content\/uploads\/2016\/04\/Placar-Estadao-768x337.jpg 768w, https:\/\/www.sudoestehoje.com.br\/novoportal\/wp-content\/uploads\/2016\/04\/Placar-Estadao-700x307.jpg 700w, https:\/\/www.sudoestehoje.com.br\/novoportal\/wp-content\/uploads\/2016\/04\/Placar-Estadao.jpg 802w\" sizes=\"auto, (max-width: 500px) 100vw, 500px\" \/><\/a><\/p>\n<p>Desde a noite de quinta-feira, est\u00e1 garantida a aprova\u00e7\u00e3o da abertura do processo de impeachment, na C\u00e2mara dos Deputados, contra a presidente Dilma Rousseff. Neste momento, um total de 347 deputados e deputadas j\u00e1 assumem abertamente a inten\u00e7\u00e3o de votar pelo afastamento, neste domingo (17).<\/p>\n<p>O levantamento do &#8220;Placar do Impeachment&#8221;, elaborado pelo jornal O Estado de S. Paulo, indica que apenas 129 parlamentares anunciam voto contra o impeachmento, enquanto 12 se declaram indecisos e 25 n\u00e3o declinam o que pretendem fazer na hora da vota\u00e7\u00e3o.<\/p>\n<p>O Pal\u00e1cio do Planalto tem usado esse Placar como refer\u00eancia para o resultado esperado da vota\u00e7\u00e3o na C\u00e2mara. Um ministro do n\u00facleo duro do governo confidenciou que o levantamento \u00e9 \u201cmuito pr\u00f3ximo\u201d dos n\u00fameros que a equipe de articula\u00e7\u00e3o trabalha.<\/p>\n<p>Do outro lado, o governo continua atuando para conquistar os 172 votos necess\u00e1rios para barrar o impeachment e espera que, no domingo, haver\u00e1 \u201ctrai\u00e7\u00f5es\u201d tanto de quem se declarou a favor com quem se declarou contra o afastamento de Dilma.<\/p>\n","protected":false},"excerpt":{"rendered":"<p>Desde a noite de quinta-feira, est\u00e1 garantida a aprova\u00e7\u00e3o da abertura do processo de impeachment, na C\u00e2mara dos Deputados, contra a presidente Dilma Rousseff. Neste momento, um total de 347 deputados e deputadas j\u00e1 assumem abertamente a inten\u00e7\u00e3o de votar pelo afastamento, neste domingo (17). O levantamento do &#8220;Placar do Impeachment&#8221;, elaborado pelo jornal O [&hellip;]<\/p>\n","protected":false},"author":2,"featured_media":0,"comment_status":"open","ping_status":"open","sticky":false,"template":"","format":"standard","meta":{"footnotes":"","_links_to":"","_links_to_target":""},"categories":[1],"tags":[],"class_list":["post-56732","post","type-post","status-publish","format-standard","hentry","category-geral"],"views":1937,"_links":{"self":[{"href":"https:\/\/www.sudoestehoje.com.br\/novoportal\/wp-json\/wp\/v2\/posts\/56732","targetHints":{"allow":["GET"]}}],"collection":[{"href":"https:\/\/www.sudoestehoje.com.br\/novoportal\/wp-json\/wp\/v2\/posts"}],"about":[{"href":"https:\/\/www.sudoestehoje.com.br\/novoportal\/wp-json\/wp\/v2\/types\/post"}],"author":[{"embeddable":true,"href":"https:\/\/www.sudoestehoje.com.br\/novoportal\/wp-json\/wp\/v2\/users\/2"}],"replies":[{"embeddable":true,"href":"https:\/\/www.sudoestehoje.com.br\/novoportal\/wp-json\/wp\/v2\/comments?post=56732"}],"version-history":[{"count":3,"href":"https:\/\/www.sudoestehoje.com.br\/novoportal\/wp-json\/wp\/v2\/posts\/56732\/revisions"}],"predecessor-version":[{"id":56736,"href":"https:\/\/www.sudoestehoje.com.br\/novoportal\/wp-json\/wp\/v2\/posts\/56732\/revisions\/56736"}],"wp:attachment":[{"href":"https:\/\/www.sudoestehoje.com.br\/novoportal\/wp-json\/wp\/v2\/media?parent=56732"}],"wp:term":[{"taxonomy":"category","embeddable":true,"href":"https:\/\/www.sudoestehoje.com.br\/novoportal\/wp-json\/wp\/v2\/categories?post=56732"},{"taxonomy":"post_tag","embeddable":true,"href":"https:\/\/www.sudoestehoje.com.br\/novoportal\/wp-json\/wp\/v2\/tags?post=56732"}],"curies":[{"name":"wp","href":"https:\/\/api.w.org\/{rel}","templated":true}]}}