
{"id":567,"date":"2010-07-15T16:44:38","date_gmt":"2010-07-15T19:44:38","guid":{"rendered":"http:\/\/sudoestehoje.tempsite.ws\/novoportal\/?p=567"},"modified":"2010-09-22T16:44:53","modified_gmt":"2010-09-22T19:44:53","slug":"paulo-souto-inaugura-comite-na-av-acm","status":"publish","type":"post","link":"https:\/\/www.sudoestehoje.com.br\/novoportal\/2010\/07\/15\/paulo-souto-inaugura-comite-na-av-acm\/","title":{"rendered":"PAULO SOUTO INAUGURA COMIT\u00ca NA AV. ACM"},"content":{"rendered":"<div>\n<div><img loading=\"lazy\" decoding=\"async\" src=\"http:\/\/www.bahianoticias.com.br\/fotos\/editor\/Image\/COMITE_SOUTO_FOTO_MAXHAACK.jpg\" border=\"0\" alt=\"\" width=\"350\" height=\"233\" \/><\/div>\n<div>Comit\u00ea de campanha de Paulo Souto em Salvador<\/div>\n<p>O  candidato dos democratas ao governo do estado, Paulo Souto, inaugurou  na noite desta quarta-feira, o seu comit\u00ea de campanha, localizado na  avenida que leva o nome do seu mentor pol\u00edtico, Ant\u00f4nio Carlos  Magalh\u00e3es. A inaugura\u00e7\u00e3o foi o grande evento da campanha do candidato  at\u00e9 agora, pois a sua conven\u00e7\u00e3o acabou sendo ofuscada pela conven\u00e7\u00e3o de  Jos\u00e9 Serra, realizada na Bahia, no mesmo dia.<\/p>\n<\/div>\n","protected":false},"excerpt":{"rendered":"<p>Comit\u00ea de campanha de Paulo Souto em Salvador O candidato dos democratas ao governo do estado, Paulo Souto, inaugurou na noite desta quarta-feira, o seu comit\u00ea de campanha, localizado na avenida que leva o nome do seu mentor pol\u00edtico, Ant\u00f4nio Carlos Magalh\u00e3es. A inaugura\u00e7\u00e3o foi o grande evento da campanha do candidato at\u00e9 agora, pois [&hellip;]<\/p>\n","protected":false},"author":1,"featured_media":0,"comment_status":"open","ping_status":"open","sticky":false,"template":"","format":"standard","meta":{"footnotes":"","_links_to":"","_links_to_target":""},"categories":[1],"tags":[],"class_list":["post-567","post","type-post","status-publish","format-standard","hentry","category-geral"],"views":1439,"_links":{"self":[{"href":"https:\/\/www.sudoestehoje.com.br\/novoportal\/wp-json\/wp\/v2\/posts\/567","targetHints":{"allow":["GET"]}}],"collection":[{"href":"https:\/\/www.sudoestehoje.com.br\/novoportal\/wp-json\/wp\/v2\/posts"}],"about":[{"href":"https:\/\/www.sudoestehoje.com.br\/novoportal\/wp-json\/wp\/v2\/types\/post"}],"author":[{"embeddable":true,"href":"https:\/\/www.sudoestehoje.com.br\/novoportal\/wp-json\/wp\/v2\/users\/1"}],"replies":[{"embeddable":true,"href":"https:\/\/www.sudoestehoje.com.br\/novoportal\/wp-json\/wp\/v2\/comments?post=567"}],"version-history":[{"count":1,"href":"https:\/\/www.sudoestehoje.com.br\/novoportal\/wp-json\/wp\/v2\/posts\/567\/revisions"}],"predecessor-version":[{"id":568,"href":"https:\/\/www.sudoestehoje.com.br\/novoportal\/wp-json\/wp\/v2\/posts\/567\/revisions\/568"}],"wp:attachment":[{"href":"https:\/\/www.sudoestehoje.com.br\/novoportal\/wp-json\/wp\/v2\/media?parent=567"}],"wp:term":[{"taxonomy":"category","embeddable":true,"href":"https:\/\/www.sudoestehoje.com.br\/novoportal\/wp-json\/wp\/v2\/categories?post=567"},{"taxonomy":"post_tag","embeddable":true,"href":"https:\/\/www.sudoestehoje.com.br\/novoportal\/wp-json\/wp\/v2\/tags?post=567"}],"curies":[{"name":"wp","href":"https:\/\/api.w.org\/{rel}","templated":true}]}}