
{"id":56698,"date":"2016-04-13T15:02:43","date_gmt":"2016-04-13T18:02:43","guid":{"rendered":"http:\/\/www.sudoestehoje.com.br\/novoportal\/?p=56698"},"modified":"2016-04-13T15:02:43","modified_gmt":"2016-04-13T18:02:43","slug":"oposicao-ja-conta-com-383-votos-a-favor-do-impeachment-de-dilma","status":"publish","type":"post","link":"https:\/\/www.sudoestehoje.com.br\/novoportal\/2016\/04\/13\/oposicao-ja-conta-com-383-votos-a-favor-do-impeachment-de-dilma\/","title":{"rendered":"OPOSI\u00c7\u00c3O J\u00c1 CONTA COM 383 VOTOS A FAVOR DO IMPEACHMENT DE DILMA"},"content":{"rendered":"<p><strong><em><a href=\"http:\/\/www.sudoestehoje.com.br\/novoportal\/wp-content\/uploads\/2016\/04\/cunha-e-temer.jpg\" rel=\"attachment wp-att-56699\"><img loading=\"lazy\" decoding=\"async\" class=\"aligncenter size-medium wp-image-56699\" src=\"http:\/\/www.sudoestehoje.com.br\/novoportal\/wp-content\/uploads\/2016\/04\/cunha-e-temer-500x333.jpg\" alt=\"cunha-e-temer\" width=\"500\" height=\"333\" srcset=\"https:\/\/www.sudoestehoje.com.br\/novoportal\/wp-content\/uploads\/2016\/04\/cunha-e-temer-500x333.jpg 500w, https:\/\/www.sudoestehoje.com.br\/novoportal\/wp-content\/uploads\/2016\/04\/cunha-e-temer.jpg 620w\" sizes=\"auto, (max-width: 500px) 100vw, 500px\" \/><\/a>Reda\u00e7\u00e3o VN<\/em><\/strong><br \/>\n<em>redacao@varelanoticias.com.br<\/em><\/p>\n<p>E as especula\u00e7\u00f5es em torno da vota\u00e7\u00e3o do processo de impeachment da presidente Dilma Rousseff (PT) continuam a todo vapor. Segundo informa\u00e7\u00f5es do Antagonista, a\u00a0turma do vice-presidente Michel Temer, que est\u00e1 trabalhando pesado pela derrubada do governo, \u00a0contabilizou 383 votos nesta ter\u00e7a-feira (12).<\/p>\n<p>A margem de 41 votos \u00e9 uma garantia, j\u00e1 que s\u00e3o necess\u00e1rios \u201capenas\u201d 342 votos para dar continuidade ao processo. Levantamentos feitos por ve\u00edculos de imprensa (como Veja, Estad\u00e3o, Folha de S. Paulo e outros) apontam que os oposicionistas j\u00e1 contam com mais de 300 votos declarados a favor do impedimento.<\/p>\n<p>O Governo, agora, tem menos de cinco dias para reverter o quadro e conquistar ao menos 172 votos (levantamentos apontam que o Planalto s\u00f3 conseguiu pouco mais de 120 votos at\u00e9 o momento).<\/p>\n","protected":false},"excerpt":{"rendered":"<p>Reda\u00e7\u00e3o VN redacao@varelanoticias.com.br E as especula\u00e7\u00f5es em torno da vota\u00e7\u00e3o do processo de impeachment da presidente Dilma Rousseff (PT) continuam a todo vapor. Segundo informa\u00e7\u00f5es do Antagonista, a\u00a0turma do vice-presidente Michel Temer, que est\u00e1 trabalhando pesado pela derrubada do governo, \u00a0contabilizou 383 votos nesta ter\u00e7a-feira (12). A margem de 41 votos \u00e9 uma garantia, j\u00e1 [&hellip;]<\/p>\n","protected":false},"author":2,"featured_media":0,"comment_status":"open","ping_status":"open","sticky":false,"template":"","format":"standard","meta":{"footnotes":"","_links_to":"","_links_to_target":""},"categories":[1],"tags":[],"class_list":["post-56698","post","type-post","status-publish","format-standard","hentry","category-geral"],"views":1657,"_links":{"self":[{"href":"https:\/\/www.sudoestehoje.com.br\/novoportal\/wp-json\/wp\/v2\/posts\/56698","targetHints":{"allow":["GET"]}}],"collection":[{"href":"https:\/\/www.sudoestehoje.com.br\/novoportal\/wp-json\/wp\/v2\/posts"}],"about":[{"href":"https:\/\/www.sudoestehoje.com.br\/novoportal\/wp-json\/wp\/v2\/types\/post"}],"author":[{"embeddable":true,"href":"https:\/\/www.sudoestehoje.com.br\/novoportal\/wp-json\/wp\/v2\/users\/2"}],"replies":[{"embeddable":true,"href":"https:\/\/www.sudoestehoje.com.br\/novoportal\/wp-json\/wp\/v2\/comments?post=56698"}],"version-history":[{"count":1,"href":"https:\/\/www.sudoestehoje.com.br\/novoportal\/wp-json\/wp\/v2\/posts\/56698\/revisions"}],"predecessor-version":[{"id":56700,"href":"https:\/\/www.sudoestehoje.com.br\/novoportal\/wp-json\/wp\/v2\/posts\/56698\/revisions\/56700"}],"wp:attachment":[{"href":"https:\/\/www.sudoestehoje.com.br\/novoportal\/wp-json\/wp\/v2\/media?parent=56698"}],"wp:term":[{"taxonomy":"category","embeddable":true,"href":"https:\/\/www.sudoestehoje.com.br\/novoportal\/wp-json\/wp\/v2\/categories?post=56698"},{"taxonomy":"post_tag","embeddable":true,"href":"https:\/\/www.sudoestehoje.com.br\/novoportal\/wp-json\/wp\/v2\/tags?post=56698"}],"curies":[{"name":"wp","href":"https:\/\/api.w.org\/{rel}","templated":true}]}}