
{"id":56685,"date":"2016-04-13T00:28:46","date_gmt":"2016-04-13T03:28:46","guid":{"rendered":"http:\/\/www.sudoestehoje.com.br\/novoportal\/?p=56685"},"modified":"2016-04-13T00:28:46","modified_gmt":"2016-04-13T03:28:46","slug":"itapetinga-acidente-na-ba-263-teve-uma-quarta-vitima-fatal","status":"publish","type":"post","link":"https:\/\/www.sudoestehoje.com.br\/novoportal\/2016\/04\/13\/itapetinga-acidente-na-ba-263-teve-uma-quarta-vitima-fatal\/","title":{"rendered":"ITAPETINGA: ACIDENTE NA BA-263 TEVE UMA QUARTA V\u00cdTIMA FATAL"},"content":{"rendered":"<p><a href=\"http:\/\/www.sudoestehoje.com.br\/novoportal\/wp-content\/uploads\/2016\/04\/a-quarta-vitima.jpg\" rel=\"attachment wp-att-56686\"><img loading=\"lazy\" decoding=\"async\" class=\"aligncenter size-medium wp-image-56686\" src=\"http:\/\/www.sudoestehoje.com.br\/novoportal\/wp-content\/uploads\/2016\/04\/a-quarta-vitima-500x375.jpg\" alt=\"a quarta vitima\" width=\"500\" height=\"375\" srcset=\"https:\/\/www.sudoestehoje.com.br\/novoportal\/wp-content\/uploads\/2016\/04\/a-quarta-vitima-500x375.jpg 500w, https:\/\/www.sudoestehoje.com.br\/novoportal\/wp-content\/uploads\/2016\/04\/a-quarta-vitima-768x576.jpg 768w, https:\/\/www.sudoestehoje.com.br\/novoportal\/wp-content\/uploads\/2016\/04\/a-quarta-vitima-700x525.jpg 700w, https:\/\/www.sudoestehoje.com.br\/novoportal\/wp-content\/uploads\/2016\/04\/a-quarta-vitima.jpg 960w\" sizes=\"auto, (max-width: 500px) 100vw, 500px\" \/><\/a><\/p>\n<p>No acidente de autom\u00f3vel que vitimou fatalmente tr\u00eas membros de uma mesma fam\u00edlia de Firmino Alves, na BA-263, pr\u00f3ximo a Itapetinga, uma quarta v\u00edtima passou despercebida, mas acabou chocando quem esteve no local do acidente.<\/p>\n<p>Um lindo c\u00e3ozinho tamb\u00e9m morreu no local e n\u00e3o teve tempo sequer de ser socorrido. Uma pena&#8230;<\/p>\n<p><strong><em>Por Davi Ferraz\u00a0<\/em><\/strong><\/p>\n","protected":false},"excerpt":{"rendered":"<p>No acidente de autom\u00f3vel que vitimou fatalmente tr\u00eas membros de uma mesma fam\u00edlia de Firmino Alves, na BA-263, pr\u00f3ximo a Itapetinga, uma quarta v\u00edtima passou despercebida, mas acabou chocando quem esteve no local do acidente. Um lindo c\u00e3ozinho tamb\u00e9m morreu no local e n\u00e3o teve tempo sequer de ser socorrido. Uma pena&#8230; Por Davi Ferraz\u00a0<\/p>\n","protected":false},"author":2,"featured_media":0,"comment_status":"open","ping_status":"open","sticky":false,"template":"","format":"standard","meta":{"footnotes":"","_links_to":"","_links_to_target":""},"categories":[1],"tags":[],"class_list":["post-56685","post","type-post","status-publish","format-standard","hentry","category-geral"],"views":2176,"_links":{"self":[{"href":"https:\/\/www.sudoestehoje.com.br\/novoportal\/wp-json\/wp\/v2\/posts\/56685","targetHints":{"allow":["GET"]}}],"collection":[{"href":"https:\/\/www.sudoestehoje.com.br\/novoportal\/wp-json\/wp\/v2\/posts"}],"about":[{"href":"https:\/\/www.sudoestehoje.com.br\/novoportal\/wp-json\/wp\/v2\/types\/post"}],"author":[{"embeddable":true,"href":"https:\/\/www.sudoestehoje.com.br\/novoportal\/wp-json\/wp\/v2\/users\/2"}],"replies":[{"embeddable":true,"href":"https:\/\/www.sudoestehoje.com.br\/novoportal\/wp-json\/wp\/v2\/comments?post=56685"}],"version-history":[{"count":2,"href":"https:\/\/www.sudoestehoje.com.br\/novoportal\/wp-json\/wp\/v2\/posts\/56685\/revisions"}],"predecessor-version":[{"id":56688,"href":"https:\/\/www.sudoestehoje.com.br\/novoportal\/wp-json\/wp\/v2\/posts\/56685\/revisions\/56688"}],"wp:attachment":[{"href":"https:\/\/www.sudoestehoje.com.br\/novoportal\/wp-json\/wp\/v2\/media?parent=56685"}],"wp:term":[{"taxonomy":"category","embeddable":true,"href":"https:\/\/www.sudoestehoje.com.br\/novoportal\/wp-json\/wp\/v2\/categories?post=56685"},{"taxonomy":"post_tag","embeddable":true,"href":"https:\/\/www.sudoestehoje.com.br\/novoportal\/wp-json\/wp\/v2\/tags?post=56685"}],"curies":[{"name":"wp","href":"https:\/\/api.w.org\/{rel}","templated":true}]}}