
{"id":56673,"date":"2016-03-22T23:22:29","date_gmt":"2016-03-23T02:22:29","guid":{"rendered":"http:\/\/www.sudoestehoje.com.br\/novoportal\/?p=56673"},"modified":"2016-04-12T23:26:14","modified_gmt":"2016-04-13T02:26:14","slug":"56673","status":"publish","type":"post","link":"https:\/\/www.sudoestehoje.com.br\/novoportal\/2016\/03\/22\/56673\/","title":{"rendered":"&#8220;VINDA DE BIBIA PARA O PMDB MOSTRA QUE ESTAMOS CADA VEZ MAIS FORTALECIDOS&#8221;, AFIRMA HERZEM GUSM\u00c3O"},"content":{"rendered":"<p id=\"yui_3_16_0_ym19_1_1460510445861_31973\" class=\"yiv4646207162MsoNormal\"><span id=\"yui_3_16_0_ym19_1_1460510445861_31972\"><a href=\"http:\/\/www.sudoestehoje.com.br\/novoportal\/wp-content\/uploads\/2016\/04\/Herzem-com-Bibia.jpg\" rel=\"attachment wp-att-56674\"><img loading=\"lazy\" decoding=\"async\" class=\"aligncenter size-medium wp-image-56674\" src=\"http:\/\/www.sudoestehoje.com.br\/novoportal\/wp-content\/uploads\/2016\/04\/Herzem-com-Bibia-500x375.jpg\" alt=\"Herzem com Bibia\" width=\"500\" height=\"375\" srcset=\"https:\/\/www.sudoestehoje.com.br\/novoportal\/wp-content\/uploads\/2016\/04\/Herzem-com-Bibia-500x375.jpg 500w, https:\/\/www.sudoestehoje.com.br\/novoportal\/wp-content\/uploads\/2016\/04\/Herzem-com-Bibia-768x576.jpg 768w, https:\/\/www.sudoestehoje.com.br\/novoportal\/wp-content\/uploads\/2016\/04\/Herzem-com-Bibia-700x525.jpg 700w, https:\/\/www.sudoestehoje.com.br\/novoportal\/wp-content\/uploads\/2016\/04\/Herzem-com-Bibia.jpg 1280w\" sizes=\"auto, (max-width: 500px) 100vw, 500px\" \/><\/a>O vereador Edjaime Rosa, mais conhecido como Bibia, assinou sua ficha de filia\u00e7\u00e3o ao Partido do Movimento Democr\u00e1tico Brasileiro (PMDB). A mudan\u00e7a para o grupo peemedebista foi articulada por Herzem Gusm\u00e3o, deputado estadual apoiado pelo edil nas elei\u00e7\u00f5es de 2014.<\/span><\/p>\n<p class=\"yiv4646207162MsoNormal\">Segundo Herzem, \u201cBibia sempre foi um vereador combativo, que luta pela comunidade conquistense, tanto da zona urbana, a exemplo de bairros como o Aparecida, Guarani e Bruno Bacelar quanto na zona rural\u201d.<\/p>\n<p class=\"yiv4646207162MsoNormal\">\u201cA vinda de Bibia para o PMDB mostra que estamos cada vez mais fortalecidos, em um trabalho de di\u00e1logo das oposi\u00e7\u00f5es em Conquista com o objetivo de apresentar um projeto consistente para as elei\u00e7\u00f5es municipais de 2016\u201d, disse o deputado.<\/p>\n<p id=\"yui_3_16_0_ym19_1_1460510445861_31993\" class=\"yiv4646207162MsoNormal\"><span id=\"yui_3_16_0_ym19_1_1460510445861_31992\">O peemedebista afirmou ainda que \u201coutros partidos e outras lideran\u00e7as devem ser anunciadas nos pr\u00f3ximos dias para marchar junto no projeto das oposi\u00e7\u00f5es\u201d.\u00a0<\/span><\/p>\n","protected":false},"excerpt":{"rendered":"<p>O vereador Edjaime Rosa, mais conhecido como Bibia, assinou sua ficha de filia\u00e7\u00e3o ao Partido do Movimento Democr\u00e1tico Brasileiro (PMDB). A mudan\u00e7a para o grupo peemedebista foi articulada por Herzem Gusm\u00e3o, deputado estadual apoiado pelo edil nas elei\u00e7\u00f5es de 2014. Segundo Herzem, \u201cBibia sempre foi um vereador combativo, que luta pela comunidade conquistense, tanto da [&hellip;]<\/p>\n","protected":false},"author":2,"featured_media":0,"comment_status":"open","ping_status":"open","sticky":false,"template":"","format":"standard","meta":{"footnotes":"","_links_to":"","_links_to_target":""},"categories":[1],"tags":[],"class_list":["post-56673","post","type-post","status-publish","format-standard","hentry","category-geral"],"views":1277,"_links":{"self":[{"href":"https:\/\/www.sudoestehoje.com.br\/novoportal\/wp-json\/wp\/v2\/posts\/56673","targetHints":{"allow":["GET"]}}],"collection":[{"href":"https:\/\/www.sudoestehoje.com.br\/novoportal\/wp-json\/wp\/v2\/posts"}],"about":[{"href":"https:\/\/www.sudoestehoje.com.br\/novoportal\/wp-json\/wp\/v2\/types\/post"}],"author":[{"embeddable":true,"href":"https:\/\/www.sudoestehoje.com.br\/novoportal\/wp-json\/wp\/v2\/users\/2"}],"replies":[{"embeddable":true,"href":"https:\/\/www.sudoestehoje.com.br\/novoportal\/wp-json\/wp\/v2\/comments?post=56673"}],"version-history":[{"count":3,"href":"https:\/\/www.sudoestehoje.com.br\/novoportal\/wp-json\/wp\/v2\/posts\/56673\/revisions"}],"predecessor-version":[{"id":56676,"href":"https:\/\/www.sudoestehoje.com.br\/novoportal\/wp-json\/wp\/v2\/posts\/56673\/revisions\/56676"}],"wp:attachment":[{"href":"https:\/\/www.sudoestehoje.com.br\/novoportal\/wp-json\/wp\/v2\/media?parent=56673"}],"wp:term":[{"taxonomy":"category","embeddable":true,"href":"https:\/\/www.sudoestehoje.com.br\/novoportal\/wp-json\/wp\/v2\/categories?post=56673"},{"taxonomy":"post_tag","embeddable":true,"href":"https:\/\/www.sudoestehoje.com.br\/novoportal\/wp-json\/wp\/v2\/tags?post=56673"}],"curies":[{"name":"wp","href":"https:\/\/api.w.org\/{rel}","templated":true}]}}