
{"id":56656,"date":"2016-04-07T22:40:28","date_gmt":"2016-04-08T01:40:28","guid":{"rendered":"http:\/\/www.sudoestehoje.com.br\/novoportal\/?p=56656"},"modified":"2016-04-12T22:47:58","modified_gmt":"2016-04-13T01:47:58","slug":"herzem-destaca-realizacao-de-licitacao-para-transporte-alternativo-entre-conquista-e-barra-do-choca","status":"publish","type":"post","link":"https:\/\/www.sudoestehoje.com.br\/novoportal\/2016\/04\/07\/herzem-destaca-realizacao-de-licitacao-para-transporte-alternativo-entre-conquista-e-barra-do-choca\/","title":{"rendered":"HERZEM DESTACA REALIZA\u00c7\u00c3O DE LICITA\u00c7\u00c3O PARA TRANSPORTE ALTERNATIVO ENTRE CONQUISTA E BARRA DO CHO\u00c7A"},"content":{"rendered":"<p class=\"yiv1057860286MsoNormal\"><strong>Defensor da regulamenta\u00e7\u00e3o do transporte alternativo na Bahia, o deputado Herzem Gusm\u00e3o (PMDB) vem acompanhando de perto o desenrolar das licita\u00e7\u00f5es do sistema complementar no Estado.<\/strong><\/p>\n<p class=\"yiv1057860286MsoNormal\"><a href=\"http:\/\/www.sudoestehoje.com.br\/novoportal\/wp-content\/uploads\/2016\/04\/HERZ.jpg\" rel=\"attachment wp-att-56657\"><img loading=\"lazy\" decoding=\"async\" class=\"aligncenter size-medium wp-image-56657\" src=\"http:\/\/www.sudoestehoje.com.br\/novoportal\/wp-content\/uploads\/2016\/04\/HERZ-500x332.jpg\" alt=\"HERZ\" width=\"500\" height=\"332\" srcset=\"https:\/\/www.sudoestehoje.com.br\/novoportal\/wp-content\/uploads\/2016\/04\/HERZ-500x332.jpg 500w, https:\/\/www.sudoestehoje.com.br\/novoportal\/wp-content\/uploads\/2016\/04\/HERZ.jpg 768w, https:\/\/www.sudoestehoje.com.br\/novoportal\/wp-content\/uploads\/2016\/04\/HERZ-700x465.jpg 700w\" sizes=\"auto, (max-width: 500px) 100vw, 500px\" \/><\/a><\/p>\n<p id=\"yui_3_16_0_ym19_1_1460510445861_27120\" class=\"yiv1057860286MsoNormal\">No plen\u00e1rio da Assembleia Legislativa, o parlamentar destacou o edital de concorr\u00eancia da Ag\u00eancia Estadual de Regula\u00e7\u00e3o dos Servi\u00e7os P\u00fablicos de Energia, Transportes e Comunica\u00e7\u00e3o da Bahia (AGERBA) para diversas linhas.<\/p>\n<p id=\"yui_3_16_0_ym19_1_1460510445861_27128\" class=\"yiv1057860286MsoNormal\">\u201cNossa luta nesta Casa foi iniciada em 2015 a favor dos donos de vans, micro-\u00f4nibus e similares, come\u00e7a a virar realidade. O governo do Estado divulgou a abertura de licita\u00e7\u00e3o para diversas linhas do transporte alternativo, inclusive a linha entre Vit\u00f3ria da Conquista x Barra do Cho\u00e7a, que ser\u00e1 contemplada com 13 vagas e o prazo de dura\u00e7\u00e3o de sete anos\u201d, afirmou Herzem.<\/p>\n<p id=\"yui_3_16_0_ym19_1_1460510445861_27118\" class=\"yiv1057860286MsoNormal\">O peemedebista destacou ainda \u201cque a atua\u00e7\u00e3o do l\u00edder do governo, Z\u00e9 Neto (PT) foi importante para mediar os anseios e a nossa luta na Assembleia junto ao governo, mostrando que a resolu\u00e7\u00e3o de demandas da popula\u00e7\u00e3o ultrapassa as quest\u00f5es partid\u00e1rias\u201d.<\/p>\n<p id=\"yui_3_16_0_ym19_1_1460510445861_27115\" class=\"yiv1057860286MsoNormal\">\u201cVamos continuar atuando para que as outras linhas do transporte complementar sejam licitadas o quanto antes, inclusive as que envolvem a regi\u00e3o de Vit\u00f3ria da Conquista\u201d, finalizou o parlamentar<a rel=\"nofollow\" name=\"_GoBack\"><\/a>.<\/p>\n","protected":false},"excerpt":{"rendered":"<p>Defensor da regulamenta\u00e7\u00e3o do transporte alternativo na Bahia, o deputado Herzem Gusm\u00e3o (PMDB) vem acompanhando de perto o desenrolar das licita\u00e7\u00f5es do sistema complementar no Estado. No plen\u00e1rio da Assembleia Legislativa, o parlamentar destacou o edital de concorr\u00eancia da Ag\u00eancia Estadual de Regula\u00e7\u00e3o dos Servi\u00e7os P\u00fablicos de Energia, Transportes e Comunica\u00e7\u00e3o da Bahia (AGERBA) para [&hellip;]<\/p>\n","protected":false},"author":2,"featured_media":0,"comment_status":"open","ping_status":"open","sticky":false,"template":"","format":"standard","meta":{"footnotes":"","_links_to":"","_links_to_target":""},"categories":[1],"tags":[],"class_list":["post-56656","post","type-post","status-publish","format-standard","hentry","category-geral"],"views":1189,"_links":{"self":[{"href":"https:\/\/www.sudoestehoje.com.br\/novoportal\/wp-json\/wp\/v2\/posts\/56656","targetHints":{"allow":["GET"]}}],"collection":[{"href":"https:\/\/www.sudoestehoje.com.br\/novoportal\/wp-json\/wp\/v2\/posts"}],"about":[{"href":"https:\/\/www.sudoestehoje.com.br\/novoportal\/wp-json\/wp\/v2\/types\/post"}],"author":[{"embeddable":true,"href":"https:\/\/www.sudoestehoje.com.br\/novoportal\/wp-json\/wp\/v2\/users\/2"}],"replies":[{"embeddable":true,"href":"https:\/\/www.sudoestehoje.com.br\/novoportal\/wp-json\/wp\/v2\/comments?post=56656"}],"version-history":[{"count":2,"href":"https:\/\/www.sudoestehoje.com.br\/novoportal\/wp-json\/wp\/v2\/posts\/56656\/revisions"}],"predecessor-version":[{"id":56659,"href":"https:\/\/www.sudoestehoje.com.br\/novoportal\/wp-json\/wp\/v2\/posts\/56656\/revisions\/56659"}],"wp:attachment":[{"href":"https:\/\/www.sudoestehoje.com.br\/novoportal\/wp-json\/wp\/v2\/media?parent=56656"}],"wp:term":[{"taxonomy":"category","embeddable":true,"href":"https:\/\/www.sudoestehoje.com.br\/novoportal\/wp-json\/wp\/v2\/categories?post=56656"},{"taxonomy":"post_tag","embeddable":true,"href":"https:\/\/www.sudoestehoje.com.br\/novoportal\/wp-json\/wp\/v2\/tags?post=56656"}],"curies":[{"name":"wp","href":"https:\/\/api.w.org\/{rel}","templated":true}]}}