
{"id":56621,"date":"2016-04-12T14:40:03","date_gmt":"2016-04-12T17:40:03","guid":{"rendered":"http:\/\/www.sudoestehoje.com.br\/novoportal\/?p=56621"},"modified":"2016-04-12T15:25:33","modified_gmt":"2016-04-12T18:25:33","slug":"itapetinga-duas-pessoas-morrem-em-acidente-proximo-a-azaleia-tres-estao-internadas","status":"publish","type":"post","link":"https:\/\/www.sudoestehoje.com.br\/novoportal\/2016\/04\/12\/itapetinga-duas-pessoas-morrem-em-acidente-proximo-a-azaleia-tres-estao-internadas\/","title":{"rendered":"ITAPETINGA: DUAS PESSOAS MORREM EM ACIDENTE PR\u00d3XIMO \u00c0 AZAL\u00c9IA; TR\u00caS EST\u00c3O INTERNADAS"},"content":{"rendered":"<p><a href=\"http:\/\/www.sudoestehoje.com.br\/novoportal\/wp-content\/uploads\/2016\/04\/ACI-1.jpg\" rel=\"attachment wp-att-56622\"><img loading=\"lazy\" decoding=\"async\" class=\"aligncenter size-medium wp-image-56622\" src=\"http:\/\/www.sudoestehoje.com.br\/novoportal\/wp-content\/uploads\/2016\/04\/ACI-1-500x281.jpg\" alt=\"ACI 1\" width=\"500\" height=\"281\" srcset=\"https:\/\/www.sudoestehoje.com.br\/novoportal\/wp-content\/uploads\/2016\/04\/ACI-1-500x281.jpg 500w, https:\/\/www.sudoestehoje.com.br\/novoportal\/wp-content\/uploads\/2016\/04\/ACI-1-768x432.jpg 768w, https:\/\/www.sudoestehoje.com.br\/novoportal\/wp-content\/uploads\/2016\/04\/ACI-1-700x394.jpg 700w, https:\/\/www.sudoestehoje.com.br\/novoportal\/wp-content\/uploads\/2016\/04\/ACI-1.jpg 960w\" sizes=\"auto, (max-width: 500px) 100vw, 500px\" \/><\/a><\/p>\n<p>Um grave acidente ocorrido na manh\u00e3 desta ter\u00e7a-feira, 12, na BA 263 pr\u00f3ximo ao trevo da Azal\u00e9ia em Itapetinga vitimou fatalmente 2 pessoas da mesma fam\u00edlia, deixou uma mulher e um homem em estado grave e outro homem\u00a0ferido.<\/p>\n<p>O condutor perdeu o controle do ve\u00edculo, um Fiat Punto de cor branca e placa policial OLC 4040 \u2013 Firmino Alves e acabou caindo numa ribanceira. No impacto, duas mulheres identificadas como\u00a0<strong>Eunice Pereira da Silva<\/strong> e sua filha<strong> Raqueline Pereira Santos\u00a0<\/strong>acabaram orrendo no local. Todos os ocupantes do ve\u00edculo s\u00e3o de Firmino Alves.<\/p>\n<div class=\"_6l- __c_\">\n<div class=\"uiScaledImageContainer _6m5 fbStoryAttachmentImage\"><a href=\"http:\/\/www.sudoestehoje.com.br\/novoportal\/wp-content\/uploads\/2016\/04\/raque.jpg\" rel=\"attachment wp-att-56634\"><img loading=\"lazy\" decoding=\"async\" class=\"aligncenter wp-image-56634\" src=\"http:\/\/www.sudoestehoje.com.br\/novoportal\/wp-content\/uploads\/2016\/04\/raque.jpg\" alt=\"raque\" width=\"499\" height=\"261\" \/><\/a><\/div>\n<\/div>\n<p>O motorista e um outro homem identificado como Fagner Pereira dos Santos foram socorridos e encaminhados a Funda\u00e7\u00e3o Jos\u00e9 Silveira em Itapetinga. Fagner entrou no centro cir\u00fargico para ser operado com uma suspeita de perfura\u00e7\u00e3o de ba\u00e7o e agora est\u00e1 na UTI da unidade. O outro homem sofreu ferimentos e uma mulher ainda sem identifica\u00e7\u00e3o tamb\u00e9m deu entrada na unidade hospitalar entubada e em estado grave. Os ocupantes do ve\u00edculo s\u00e3o da mesma fam\u00edlia. Itoror\u00f3 J\u00e1<\/p>\n<p>ATUALIZA\u00c7\u00c3O: MORRE TERCEIRA V\u00cdTIMA NO HCR<\/p>\n<p><img loading=\"lazy\" decoding=\"async\" class=\"scaledImageFitWidth img aligncenter\" src=\"https:\/\/fbexternal-a.akamaihd.net\/safe_image.php?d=AQAbX005BZuKKUkq&amp;w=470&amp;h=246&amp;url=http%3A%2F%2Fwww.itororoja.com.br%2Fwp-content%2Fuploads%2F2016%2F04%2FFagner2-1.jpg&amp;cfs=1&amp;upscale=1&amp;sx=0&amp;sy=57&amp;sw=400&amp;sh=209&amp;ext=png2jpg\" alt=\"\" width=\"501\" height=\"262\" \/><\/p>\n<p>Acaba de falecer na Funda\u00e7\u00e3o Jos\u00e9 Silveira em Itapetinga o jovem Fagner Pereira dos Santos de 28 anos morador da cidade de Firmino Alves. Fagner \u00e9 a 3\u00aa v\u00edtima fatal de um grave acidente ocorrido na manh\u00e3 desta ter\u00e7a-feira(12).<\/p>\n","protected":false},"excerpt":{"rendered":"<p>Um grave acidente ocorrido na manh\u00e3 desta ter\u00e7a-feira, 12, na BA 263 pr\u00f3ximo ao trevo da Azal\u00e9ia em Itapetinga vitimou fatalmente 2 pessoas da mesma fam\u00edlia, deixou uma mulher e um homem em estado grave e outro homem\u00a0ferido. O condutor perdeu o controle do ve\u00edculo, um Fiat Punto de cor branca e placa policial OLC [&hellip;]<\/p>\n","protected":false},"author":2,"featured_media":0,"comment_status":"open","ping_status":"open","sticky":false,"template":"","format":"standard","meta":{"footnotes":"","_links_to":"","_links_to_target":""},"categories":[1],"tags":[],"class_list":["post-56621","post","type-post","status-publish","format-standard","hentry","category-geral"],"views":3066,"_links":{"self":[{"href":"https:\/\/www.sudoestehoje.com.br\/novoportal\/wp-json\/wp\/v2\/posts\/56621","targetHints":{"allow":["GET"]}}],"collection":[{"href":"https:\/\/www.sudoestehoje.com.br\/novoportal\/wp-json\/wp\/v2\/posts"}],"about":[{"href":"https:\/\/www.sudoestehoje.com.br\/novoportal\/wp-json\/wp\/v2\/types\/post"}],"author":[{"embeddable":true,"href":"https:\/\/www.sudoestehoje.com.br\/novoportal\/wp-json\/wp\/v2\/users\/2"}],"replies":[{"embeddable":true,"href":"https:\/\/www.sudoestehoje.com.br\/novoportal\/wp-json\/wp\/v2\/comments?post=56621"}],"version-history":[{"count":9,"href":"https:\/\/www.sudoestehoje.com.br\/novoportal\/wp-json\/wp\/v2\/posts\/56621\/revisions"}],"predecessor-version":[{"id":56636,"href":"https:\/\/www.sudoestehoje.com.br\/novoportal\/wp-json\/wp\/v2\/posts\/56621\/revisions\/56636"}],"wp:attachment":[{"href":"https:\/\/www.sudoestehoje.com.br\/novoportal\/wp-json\/wp\/v2\/media?parent=56621"}],"wp:term":[{"taxonomy":"category","embeddable":true,"href":"https:\/\/www.sudoestehoje.com.br\/novoportal\/wp-json\/wp\/v2\/categories?post=56621"},{"taxonomy":"post_tag","embeddable":true,"href":"https:\/\/www.sudoestehoje.com.br\/novoportal\/wp-json\/wp\/v2\/tags?post=56621"}],"curies":[{"name":"wp","href":"https:\/\/api.w.org\/{rel}","templated":true}]}}