
{"id":56605,"date":"2016-04-11T21:16:47","date_gmt":"2016-04-12T00:16:47","guid":{"rendered":"http:\/\/www.sudoestehoje.com.br\/novoportal\/?p=56605"},"modified":"2016-04-11T21:53:10","modified_gmt":"2016-04-12T00:53:10","slug":"comissao-da-camara-aprova-processo-de-impeachment-de-dilma-com-38-votos-a-favor-e-27-contra","status":"publish","type":"post","link":"https:\/\/www.sudoestehoje.com.br\/novoportal\/2016\/04\/11\/comissao-da-camara-aprova-processo-de-impeachment-de-dilma-com-38-votos-a-favor-e-27-contra\/","title":{"rendered":"COMISS\u00c3O DA C\u00c2MARA APROVA PROCESSO DE IMPEACHMENT DE DILMA"},"content":{"rendered":"<p><img loading=\"lazy\" decoding=\"async\" class=\"scaledImageFitWidth img aligncenter\" src=\"https:\/\/fbcdn-photos-a-a.akamaihd.net\/hphotos-ak-xfa1\/v\/t1.0-0\/s480x480\/13010597_1123991447624256_4487204996469197220_n.jpg?oh=bb8c0577d40aa38f1588af535955ad54&amp;oe=57749172&amp;__gda__=1467756025_03a76b19159444df15e1b4d50e791bd1\" alt=\"Foto de Diario de Pernambuco.\" width=\"501\" height=\"327\" \/><\/p>\n<p>Por 38 votos a 27, a comiss\u00e3o especial do impeachment na C\u00e2mara dos Deputados aprovou na noite desta segunda-feira (11) o parecer do relator Jovair Arantes (PTB-GO) favor\u00e1vel \u00e0 abertura do processo de afastamento da presidente Dilma Rousseff.<\/p>\n<p>Agora, o resultado da vota\u00e7\u00e3o na comiss\u00e3o dever\u00e1 ser lido no plen\u00e1rio da C\u00e2mara nesta ter\u00e7a-feira (12) e publicado no &#8220;Di\u00e1rio Oficial da C\u00e2mara&#8221; na manh\u00e3 de quarta (13).<\/p>\n<p>Depois de respeitado um prazo de 48 horas, a expectativa \u00e9 de que a vota\u00e7\u00e3o no plen\u00e1rio da C\u00e2mara comece na pr\u00f3xima sexta-feira (15) e leve tr\u00eas dias, terminando no domingo (17).<\/p>\n<p>Para ser aprovado e seguir para o Senado, inst\u00e2ncia \u00e0 qual cabe julgar a den\u00fancia, s\u00e3o necess\u00e1rios os votos de 342 dos 513 deputados.<\/p>\n","protected":false},"excerpt":{"rendered":"<p>Por 38 votos a 27, a comiss\u00e3o especial do impeachment na C\u00e2mara dos Deputados aprovou na noite desta segunda-feira (11) o parecer do relator Jovair Arantes (PTB-GO) favor\u00e1vel \u00e0 abertura do processo de afastamento da presidente Dilma Rousseff. Agora, o resultado da vota\u00e7\u00e3o na comiss\u00e3o dever\u00e1 ser lido no plen\u00e1rio da C\u00e2mara nesta ter\u00e7a-feira (12) [&hellip;]<\/p>\n","protected":false},"author":2,"featured_media":0,"comment_status":"open","ping_status":"open","sticky":false,"template":"","format":"standard","meta":{"footnotes":"","_links_to":"","_links_to_target":""},"categories":[1],"tags":[],"class_list":["post-56605","post","type-post","status-publish","format-standard","hentry","category-geral"],"views":1427,"_links":{"self":[{"href":"https:\/\/www.sudoestehoje.com.br\/novoportal\/wp-json\/wp\/v2\/posts\/56605","targetHints":{"allow":["GET"]}}],"collection":[{"href":"https:\/\/www.sudoestehoje.com.br\/novoportal\/wp-json\/wp\/v2\/posts"}],"about":[{"href":"https:\/\/www.sudoestehoje.com.br\/novoportal\/wp-json\/wp\/v2\/types\/post"}],"author":[{"embeddable":true,"href":"https:\/\/www.sudoestehoje.com.br\/novoportal\/wp-json\/wp\/v2\/users\/2"}],"replies":[{"embeddable":true,"href":"https:\/\/www.sudoestehoje.com.br\/novoportal\/wp-json\/wp\/v2\/comments?post=56605"}],"version-history":[{"count":4,"href":"https:\/\/www.sudoestehoje.com.br\/novoportal\/wp-json\/wp\/v2\/posts\/56605\/revisions"}],"predecessor-version":[{"id":56609,"href":"https:\/\/www.sudoestehoje.com.br\/novoportal\/wp-json\/wp\/v2\/posts\/56605\/revisions\/56609"}],"wp:attachment":[{"href":"https:\/\/www.sudoestehoje.com.br\/novoportal\/wp-json\/wp\/v2\/media?parent=56605"}],"wp:term":[{"taxonomy":"category","embeddable":true,"href":"https:\/\/www.sudoestehoje.com.br\/novoportal\/wp-json\/wp\/v2\/categories?post=56605"},{"taxonomy":"post_tag","embeddable":true,"href":"https:\/\/www.sudoestehoje.com.br\/novoportal\/wp-json\/wp\/v2\/tags?post=56605"}],"curies":[{"name":"wp","href":"https:\/\/api.w.org\/{rel}","templated":true}]}}