
{"id":56571,"date":"2016-04-10T12:19:19","date_gmt":"2016-04-10T15:19:19","guid":{"rendered":"http:\/\/www.sudoestehoje.com.br\/novoportal\/?p=56571"},"modified":"2016-04-10T12:19:19","modified_gmt":"2016-04-10T15:19:19","slug":"acidente-entre-ilheus-e-olivenca-deixa-um-morto-em-veiculo-com-placa-de-itapetinga","status":"publish","type":"post","link":"https:\/\/www.sudoestehoje.com.br\/novoportal\/2016\/04\/10\/acidente-entre-ilheus-e-olivenca-deixa-um-morto-em-veiculo-com-placa-de-itapetinga\/","title":{"rendered":"ACIDENTE ENTRE ILH\u00c9US E OLIVEN\u00c7A DEIXA UM MORTO EM VE\u00cdCULO COM PLACA DE ITAPETINGA"},"content":{"rendered":"<div id=\"attachment_56572\" style=\"width: 510px\" class=\"wp-caption aligncenter\"><a href=\"http:\/\/www.sudoestehoje.com.br\/novoportal\/wp-content\/uploads\/2016\/04\/PLACA-ITAP.jpg\" rel=\"attachment wp-att-56572\"><img loading=\"lazy\" decoding=\"async\" aria-describedby=\"caption-attachment-56572\" class=\"size-medium wp-image-56572\" src=\"http:\/\/www.sudoestehoje.com.br\/novoportal\/wp-content\/uploads\/2016\/04\/PLACA-ITAP-500x304.jpg\" alt=\"DILSON \" width=\"500\" height=\"304\" srcset=\"https:\/\/www.sudoestehoje.com.br\/novoportal\/wp-content\/uploads\/2016\/04\/PLACA-ITAP-500x304.jpg 500w, https:\/\/www.sudoestehoje.com.br\/novoportal\/wp-content\/uploads\/2016\/04\/PLACA-ITAP.jpg 586w\" sizes=\"auto, (max-width: 500px) 100vw, 500px\" \/><\/a><p id=\"caption-attachment-56572\" class=\"wp-caption-text\">DILSON FERNANDES SILVA FILHO MORREU AO COLIDIR COM UM CAMINH\u00c3O BA\u00da<\/p><\/div>\n<p>Na madrugada deste domingo (10), uma batida frontal entre um ve\u00edculo Gol branco, placa policial OZN 2877\/ Itapetinga, e um caminh\u00e3o Ba\u00fa, na rodovia 001 Ilh\u00e9us-Oliven\u00e7a, deixou uma pessoa morta.<\/p>\n<p>A v\u00edtima fatal foi identificada como Dilson Fernandes Silva Filho, que estava no ve\u00edculo Gol, e que segundo informa\u00e7\u00f5es, tinha sa\u00eddo de um baile de formatura de direito.<\/p>\n<p>N\u00e3o h\u00e1 informa\u00e7\u00f5es sobre o estado de sa\u00fade dos ocupantes do caminh\u00e3o ba\u00fa e se a vitima estava acompanhada.<\/p>\n","protected":false},"excerpt":{"rendered":"<p>Na madrugada deste domingo (10), uma batida frontal entre um ve\u00edculo Gol branco, placa policial OZN 2877\/ Itapetinga, e um caminh\u00e3o Ba\u00fa, na rodovia 001 Ilh\u00e9us-Oliven\u00e7a, deixou uma pessoa morta. A v\u00edtima fatal foi identificada como Dilson Fernandes Silva Filho, que estava no ve\u00edculo Gol, e que segundo informa\u00e7\u00f5es, tinha sa\u00eddo de um baile de [&hellip;]<\/p>\n","protected":false},"author":2,"featured_media":0,"comment_status":"open","ping_status":"open","sticky":false,"template":"","format":"standard","meta":{"footnotes":"","_links_to":"","_links_to_target":""},"categories":[1],"tags":[],"class_list":["post-56571","post","type-post","status-publish","format-standard","hentry","category-geral"],"views":3140,"_links":{"self":[{"href":"https:\/\/www.sudoestehoje.com.br\/novoportal\/wp-json\/wp\/v2\/posts\/56571","targetHints":{"allow":["GET"]}}],"collection":[{"href":"https:\/\/www.sudoestehoje.com.br\/novoportal\/wp-json\/wp\/v2\/posts"}],"about":[{"href":"https:\/\/www.sudoestehoje.com.br\/novoportal\/wp-json\/wp\/v2\/types\/post"}],"author":[{"embeddable":true,"href":"https:\/\/www.sudoestehoje.com.br\/novoportal\/wp-json\/wp\/v2\/users\/2"}],"replies":[{"embeddable":true,"href":"https:\/\/www.sudoestehoje.com.br\/novoportal\/wp-json\/wp\/v2\/comments?post=56571"}],"version-history":[{"count":1,"href":"https:\/\/www.sudoestehoje.com.br\/novoportal\/wp-json\/wp\/v2\/posts\/56571\/revisions"}],"predecessor-version":[{"id":56573,"href":"https:\/\/www.sudoestehoje.com.br\/novoportal\/wp-json\/wp\/v2\/posts\/56571\/revisions\/56573"}],"wp:attachment":[{"href":"https:\/\/www.sudoestehoje.com.br\/novoportal\/wp-json\/wp\/v2\/media?parent=56571"}],"wp:term":[{"taxonomy":"category","embeddable":true,"href":"https:\/\/www.sudoestehoje.com.br\/novoportal\/wp-json\/wp\/v2\/categories?post=56571"},{"taxonomy":"post_tag","embeddable":true,"href":"https:\/\/www.sudoestehoje.com.br\/novoportal\/wp-json\/wp\/v2\/tags?post=56571"}],"curies":[{"name":"wp","href":"https:\/\/api.w.org\/{rel}","templated":true}]}}