
{"id":56551,"date":"2016-04-08T13:49:54","date_gmt":"2016-04-08T16:49:54","guid":{"rendered":"http:\/\/www.sudoestehoje.com.br\/novoportal\/?p=56551"},"modified":"2016-04-08T13:49:54","modified_gmt":"2016-04-08T16:49:54","slug":"macarani-realiza-i-seminario-de-agentes-de-saude-e-endemias","status":"publish","type":"post","link":"https:\/\/www.sudoestehoje.com.br\/novoportal\/2016\/04\/08\/macarani-realiza-i-seminario-de-agentes-de-saude-e-endemias\/","title":{"rendered":"MACARANI REALIZA I SEMIN\u00c1RIO DE AGENTES DE SA\u00daDE E ENDEMIAS"},"content":{"rendered":"<p style=\"text-align: justify; line-height: 15.0pt; background: white; margin: 0cm 0cm 7.5pt 0cm;\"><a href=\"http:\/\/www.sudoestehoje.com.br\/novoportal\/wp-content\/uploads\/2016\/04\/SEMI-1.jpg\" rel=\"attachment wp-att-56552\"><img loading=\"lazy\" decoding=\"async\" class=\"aligncenter size-medium wp-image-56552\" src=\"http:\/\/www.sudoestehoje.com.br\/novoportal\/wp-content\/uploads\/2016\/04\/SEMI-1-500x247.jpg\" alt=\"SEMI 1\" width=\"500\" height=\"247\" srcset=\"https:\/\/www.sudoestehoje.com.br\/novoportal\/wp-content\/uploads\/2016\/04\/SEMI-1-500x247.jpg 500w, https:\/\/www.sudoestehoje.com.br\/novoportal\/wp-content\/uploads\/2016\/04\/SEMI-1-768x380.jpg 768w, https:\/\/www.sudoestehoje.com.br\/novoportal\/wp-content\/uploads\/2016\/04\/SEMI-1-700x346.jpg 700w, https:\/\/www.sudoestehoje.com.br\/novoportal\/wp-content\/uploads\/2016\/04\/SEMI-1.jpg 960w\" sizes=\"auto, (max-width: 500px) 100vw, 500px\" \/><\/a><\/p>\n<p style=\"text-align: justify; line-height: 15.0pt; background: white; margin: 0cm 0cm 7.5pt 0cm;\"><span style=\"font-family: 'Arial','sans-serif'; color: #333333;\">Com o tema \u201cPerfil do ACS e ACE e Valoriza\u00e7\u00e3o do Trabalho\u201d, O 1\u00ba Semin\u00e1riode Agentes Comunit\u00e1rios de Sa\u00fade (ACS) e Agentes de Combate \u00e0s Endemias (ACE) do munic\u00edpio de Macarani, aconteceu em 06 de abril no\u00a0Audit\u00f3rio do Col\u00e9gio Normal S\u00e3o Pedro.<\/span><\/p>\n<p style=\"text-align: justify; line-height: 15.0pt; background: white; margin: 0cm 0cm 7.5pt 0cm;\"><a href=\"http:\/\/www.sudoestehoje.com.br\/novoportal\/wp-content\/uploads\/2016\/04\/SEMI-2.jpg\" rel=\"attachment wp-att-56553\"><img loading=\"lazy\" decoding=\"async\" class=\"aligncenter size-medium wp-image-56553\" src=\"http:\/\/www.sudoestehoje.com.br\/novoportal\/wp-content\/uploads\/2016\/04\/SEMI-2-500x210.jpg\" alt=\"SEMI 2\" width=\"500\" height=\"210\" srcset=\"https:\/\/www.sudoestehoje.com.br\/novoportal\/wp-content\/uploads\/2016\/04\/SEMI-2-500x210.jpg 500w, https:\/\/www.sudoestehoje.com.br\/novoportal\/wp-content\/uploads\/2016\/04\/SEMI-2-768x323.jpg 768w, https:\/\/www.sudoestehoje.com.br\/novoportal\/wp-content\/uploads\/2016\/04\/SEMI-2-700x295.jpg 700w, https:\/\/www.sudoestehoje.com.br\/novoportal\/wp-content\/uploads\/2016\/04\/SEMI-2.jpg 960w\" sizes=\"auto, (max-width: 500px) 100vw, 500px\" \/><\/a><\/p>\n<p style=\"text-align: justify; line-height: 15.0pt; background: white; margin: 0cm 0cm 7.5pt 0cm;\"><span style=\"font-family: 'Arial','sans-serif'; color: #333333;\">A iniciativa in\u00e9dita\u00a0vem para fortalecer a integra\u00e7\u00e3o das categorias com as Pol\u00edticas de Aten\u00e7\u00e3o Prim\u00e1ria e Vigil\u00e2ncia em Sa\u00fade bem como firmar a relev\u00e2ncia desses profissionais como elo importante dentro do servi\u00e7o p\u00fablico e sua hist\u00f3rica trajet\u00f3ria. <\/span><\/p>\n<p style=\"text-align: justify; line-height: 15.0pt; background: white; margin: 0cm 0cm 7.5pt 0cm;\"><span style=\"font-family: 'Arial','sans-serif'; color: #333333;\"><a href=\"http:\/\/www.sudoestehoje.com.br\/novoportal\/wp-content\/uploads\/2016\/04\/SEMI-3.jpg\" rel=\"attachment wp-att-56554\"><img loading=\"lazy\" decoding=\"async\" class=\"aligncenter size-medium wp-image-56554\" src=\"http:\/\/www.sudoestehoje.com.br\/novoportal\/wp-content\/uploads\/2016\/04\/SEMI-3-500x281.jpg\" alt=\"SEMI 3\" width=\"500\" height=\"281\" srcset=\"https:\/\/www.sudoestehoje.com.br\/novoportal\/wp-content\/uploads\/2016\/04\/SEMI-3-500x281.jpg 500w, https:\/\/www.sudoestehoje.com.br\/novoportal\/wp-content\/uploads\/2016\/04\/SEMI-3-768x432.jpg 768w, https:\/\/www.sudoestehoje.com.br\/novoportal\/wp-content\/uploads\/2016\/04\/SEMI-3-700x394.jpg 700w, https:\/\/www.sudoestehoje.com.br\/novoportal\/wp-content\/uploads\/2016\/04\/SEMI-3.jpg 960w\" sizes=\"auto, (max-width: 500px) 100vw, 500px\" \/><\/a>O Semin\u00e1rio reuniu profissionais da sa\u00fade, convidados, representantes da comunidade e da gest\u00e3o atual para discutir a import\u00e2ncia estrat\u00e9gica dos agentes comunit\u00e1rios (ACS) e de endemias (ACE) para a prote\u00e7\u00e3o da vida e a valoriza\u00e7\u00e3o dessas categorias.<\/span><\/p>\n<p style=\"text-align: justify; line-height: 15.0pt; background: white; margin: 0cm 0cm 7.5pt 0cm;\"><a href=\"http:\/\/www.sudoestehoje.com.br\/novoportal\/wp-content\/uploads\/2016\/04\/SEMI-4.jpg\" rel=\"attachment wp-att-56555\"><img loading=\"lazy\" decoding=\"async\" class=\"aligncenter size-medium wp-image-56555\" src=\"http:\/\/www.sudoestehoje.com.br\/novoportal\/wp-content\/uploads\/2016\/04\/SEMI-4-500x281.jpg\" alt=\"SEMI 4\" width=\"500\" height=\"281\" srcset=\"https:\/\/www.sudoestehoje.com.br\/novoportal\/wp-content\/uploads\/2016\/04\/SEMI-4-500x281.jpg 500w, https:\/\/www.sudoestehoje.com.br\/novoportal\/wp-content\/uploads\/2016\/04\/SEMI-4-768x432.jpg 768w, https:\/\/www.sudoestehoje.com.br\/novoportal\/wp-content\/uploads\/2016\/04\/SEMI-4-700x394.jpg 700w, https:\/\/www.sudoestehoje.com.br\/novoportal\/wp-content\/uploads\/2016\/04\/SEMI-4.jpg 960w\" sizes=\"auto, (max-width: 500px) 100vw, 500px\" \/><\/a><\/p>\n<p style=\"text-align: justify; line-height: 15.0pt; background: white; margin: 0cm 0cm 7.5pt 0cm;\"><span style=\"font-family: 'Arial','sans-serif'; color: #333333;\">A parceria e a intensifica\u00e7\u00e3o das a\u00e7\u00f5es de preven\u00e7\u00e3o resultaram em um desempenho excelente no combate da tr\u00edplice epidemia ( Dengue- Zik<a name=\"_GoBack\"><\/a>a e Chicungunya ) que vem assolando a regi\u00e3o e o pa\u00eds, alcan\u00e7ando no t\u00e9rmino do 2\u00baciclo o melhor percentual da regional de sa\u00fade em visitas domiciliares realizadas pelos ACE e baixo \u00edndice de casos confirmados, \u201cestamos trabalhando com afinco, \u201d diz a Secret\u00e1ria de Sa\u00fade Fernanda Cruz parabenizando o resultado.<b><\/b><\/span><\/p>\n<p style=\"text-align: justify; line-height: 15.0pt; background: white; margin: 0cm 0cm 7.5pt 0cm;\"><a href=\"http:\/\/www.sudoestehoje.com.br\/novoportal\/wp-content\/uploads\/2016\/04\/SEMI-5.jpg\" rel=\"attachment wp-att-56556\"><img loading=\"lazy\" decoding=\"async\" class=\"aligncenter size-medium wp-image-56556\" src=\"http:\/\/www.sudoestehoje.com.br\/novoportal\/wp-content\/uploads\/2016\/04\/SEMI-5-500x281.jpg\" alt=\"SEMI 5\" width=\"500\" height=\"281\" srcset=\"https:\/\/www.sudoestehoje.com.br\/novoportal\/wp-content\/uploads\/2016\/04\/SEMI-5-500x281.jpg 500w, https:\/\/www.sudoestehoje.com.br\/novoportal\/wp-content\/uploads\/2016\/04\/SEMI-5-768x432.jpg 768w, https:\/\/www.sudoestehoje.com.br\/novoportal\/wp-content\/uploads\/2016\/04\/SEMI-5-700x394.jpg 700w, https:\/\/www.sudoestehoje.com.br\/novoportal\/wp-content\/uploads\/2016\/04\/SEMI-5.jpg 960w\" sizes=\"auto, (max-width: 500px) 100vw, 500px\" \/><\/a><\/p>\n<p style=\"text-align: justify; line-height: 15.0pt; background: white; margin: 0cm 0cm 7.5pt 0cm;\"><span style=\"font-family: 'Arial','sans-serif'; color: #333333;\">Participaram da mesa de abertura do evento o Prefeito Armando Porto, a primeira dama e Secret\u00e1ria do Desenvolvimento Social Selma Souto, a Secret\u00e1ria de Sa\u00fade Fernanda Cruz Santana, a Coordenadora da Aten\u00e7\u00e3o B\u00e1sica Vera Lucia C Filha, o presidente da C\u00e2mara Jorge Novato e a convidada Renilda Fontes Nunes presidente do sindicato dos ACS de Itarantim.<\/span><\/p>\n<p style=\"text-align: justify; line-height: 15.0pt; background: white; margin: 0cm 0cm 7.5pt 0cm;\"><a href=\"http:\/\/www.sudoestehoje.com.br\/novoportal\/wp-content\/uploads\/2016\/04\/SEMI-6.jpg\" rel=\"attachment wp-att-56557\"><img loading=\"lazy\" decoding=\"async\" class=\"aligncenter size-medium wp-image-56557\" src=\"http:\/\/www.sudoestehoje.com.br\/novoportal\/wp-content\/uploads\/2016\/04\/SEMI-6-500x281.jpg\" alt=\"SEMI 6\" width=\"500\" height=\"281\" srcset=\"https:\/\/www.sudoestehoje.com.br\/novoportal\/wp-content\/uploads\/2016\/04\/SEMI-6-500x281.jpg 500w, https:\/\/www.sudoestehoje.com.br\/novoportal\/wp-content\/uploads\/2016\/04\/SEMI-6-768x432.jpg 768w, https:\/\/www.sudoestehoje.com.br\/novoportal\/wp-content\/uploads\/2016\/04\/SEMI-6-700x394.jpg 700w, https:\/\/www.sudoestehoje.com.br\/novoportal\/wp-content\/uploads\/2016\/04\/SEMI-6.jpg 960w\" sizes=\"auto, (max-width: 500px) 100vw, 500px\" \/><\/a><\/p>\n<p style=\"text-align: justify; line-height: 15.0pt; background: white; margin: 0cm 0cm 7.5pt 0cm;\"><span style=\"font-family: 'Arial','sans-serif'; color: #333333;\">O evento foi bastante positivo, pois significou uma abertura junto a gest\u00e3o municipal firmado na fala do Prefeito Armando Porto para dialogar sobre o plano de carreira, e estreitou v\u00ednculos entre as Categorias de ACS e ACE fortalecendo assim o compromisso de estarmos unidos na luta para que toda popula\u00e7\u00e3o tenha acesso a sa\u00fade publica de qualidade. CONFIRA MAIS FOTOS:<\/span><!--more--><\/p>\n<p style=\"text-align: justify; line-height: 15.0pt; background: white; margin: 0cm 0cm 7.5pt 0cm;\"><a href=\"http:\/\/www.sudoestehoje.com.br\/novoportal\/wp-content\/uploads\/2016\/04\/SEMI-7.jpg\" rel=\"attachment wp-att-56558\"><img loading=\"lazy\" decoding=\"async\" class=\"aligncenter size-medium wp-image-56558\" src=\"http:\/\/www.sudoestehoje.com.br\/novoportal\/wp-content\/uploads\/2016\/04\/SEMI-7-500x300.jpg\" alt=\"SEMI 7\" width=\"500\" height=\"300\" srcset=\"https:\/\/www.sudoestehoje.com.br\/novoportal\/wp-content\/uploads\/2016\/04\/SEMI-7-500x300.jpg 500w, https:\/\/www.sudoestehoje.com.br\/novoportal\/wp-content\/uploads\/2016\/04\/SEMI-7-768x461.jpg 768w, https:\/\/www.sudoestehoje.com.br\/novoportal\/wp-content\/uploads\/2016\/04\/SEMI-7-700x420.jpg 700w, https:\/\/www.sudoestehoje.com.br\/novoportal\/wp-content\/uploads\/2016\/04\/SEMI-7.jpg 960w\" sizes=\"auto, (max-width: 500px) 100vw, 500px\" \/><\/a><\/p>\n<p style=\"text-align: justify; line-height: 15.0pt; background: white; margin: 0cm 0cm 7.5pt 0cm;\"><a href=\"http:\/\/www.sudoestehoje.com.br\/novoportal\/wp-content\/uploads\/2016\/04\/SEMI-8.jpg\" rel=\"attachment wp-att-56559\"><img loading=\"lazy\" decoding=\"async\" class=\"aligncenter size-medium wp-image-56559\" src=\"http:\/\/www.sudoestehoje.com.br\/novoportal\/wp-content\/uploads\/2016\/04\/SEMI-8-500x300.jpg\" alt=\"SEMI 8\" width=\"500\" height=\"300\" srcset=\"https:\/\/www.sudoestehoje.com.br\/novoportal\/wp-content\/uploads\/2016\/04\/SEMI-8-500x300.jpg 500w, https:\/\/www.sudoestehoje.com.br\/novoportal\/wp-content\/uploads\/2016\/04\/SEMI-8-768x461.jpg 768w, https:\/\/www.sudoestehoje.com.br\/novoportal\/wp-content\/uploads\/2016\/04\/SEMI-8-700x420.jpg 700w, https:\/\/www.sudoestehoje.com.br\/novoportal\/wp-content\/uploads\/2016\/04\/SEMI-8.jpg 960w\" sizes=\"auto, (max-width: 500px) 100vw, 500px\" \/><\/a><\/p>\n<p style=\"text-align: justify; line-height: 15.0pt; background: white; margin: 0cm 0cm 7.5pt 0cm;\"><a href=\"http:\/\/www.sudoestehoje.com.br\/novoportal\/wp-content\/uploads\/2016\/04\/SEMI-10.jpg\" rel=\"attachment wp-att-56560\"><img loading=\"lazy\" decoding=\"async\" class=\"aligncenter  wp-image-56560\" src=\"http:\/\/www.sudoestehoje.com.br\/novoportal\/wp-content\/uploads\/2016\/04\/SEMI-10-394x700.jpg\" alt=\"SEMI 10\" width=\"500\" height=\"888\" srcset=\"https:\/\/www.sudoestehoje.com.br\/novoportal\/wp-content\/uploads\/2016\/04\/SEMI-10-394x700.jpg 394w, https:\/\/www.sudoestehoje.com.br\/novoportal\/wp-content\/uploads\/2016\/04\/SEMI-10-506x900.jpg 506w, https:\/\/www.sudoestehoje.com.br\/novoportal\/wp-content\/uploads\/2016\/04\/SEMI-10.jpg 540w\" sizes=\"auto, (max-width: 500px) 100vw, 500px\" \/><\/a><\/p>\n<p style=\"text-align: justify; line-height: 15.0pt; background: white; margin: 0cm 0cm 7.5pt 0cm;\"><a href=\"http:\/\/www.sudoestehoje.com.br\/novoportal\/wp-content\/uploads\/2016\/04\/SEMI-11.jpg\" rel=\"attachment wp-att-56561\"><img loading=\"lazy\" decoding=\"async\" class=\"aligncenter  wp-image-56561\" src=\"http:\/\/www.sudoestehoje.com.br\/novoportal\/wp-content\/uploads\/2016\/04\/SEMI-11-433x700.jpg\" alt=\"SEMI 11\" width=\"500\" height=\"808\" srcset=\"https:\/\/www.sudoestehoje.com.br\/novoportal\/wp-content\/uploads\/2016\/04\/SEMI-11-433x700.jpg 433w, https:\/\/www.sudoestehoje.com.br\/novoportal\/wp-content\/uploads\/2016\/04\/SEMI-11-557x900.jpg 557w, https:\/\/www.sudoestehoje.com.br\/novoportal\/wp-content\/uploads\/2016\/04\/SEMI-11.jpg 594w\" sizes=\"auto, (max-width: 500px) 100vw, 500px\" \/><\/a><\/p>\n","protected":false},"excerpt":{"rendered":"<p>Com o tema \u201cPerfil do ACS e ACE e Valoriza\u00e7\u00e3o do Trabalho\u201d, O 1\u00ba Semin\u00e1riode Agentes Comunit\u00e1rios de Sa\u00fade (ACS) e Agentes de Combate \u00e0s Endemias (ACE) do munic\u00edpio de Macarani, aconteceu em 06 de abril no\u00a0Audit\u00f3rio do Col\u00e9gio Normal S\u00e3o Pedro. A iniciativa in\u00e9dita\u00a0vem para fortalecer a integra\u00e7\u00e3o das categorias com as Pol\u00edticas de [&hellip;]<\/p>\n","protected":false},"author":2,"featured_media":0,"comment_status":"open","ping_status":"open","sticky":false,"template":"","format":"standard","meta":{"footnotes":"","_links_to":"","_links_to_target":""},"categories":[1],"tags":[],"class_list":["post-56551","post","type-post","status-publish","format-standard","hentry","category-geral"],"views":2120,"_links":{"self":[{"href":"https:\/\/www.sudoestehoje.com.br\/novoportal\/wp-json\/wp\/v2\/posts\/56551","targetHints":{"allow":["GET"]}}],"collection":[{"href":"https:\/\/www.sudoestehoje.com.br\/novoportal\/wp-json\/wp\/v2\/posts"}],"about":[{"href":"https:\/\/www.sudoestehoje.com.br\/novoportal\/wp-json\/wp\/v2\/types\/post"}],"author":[{"embeddable":true,"href":"https:\/\/www.sudoestehoje.com.br\/novoportal\/wp-json\/wp\/v2\/users\/2"}],"replies":[{"embeddable":true,"href":"https:\/\/www.sudoestehoje.com.br\/novoportal\/wp-json\/wp\/v2\/comments?post=56551"}],"version-history":[{"count":1,"href":"https:\/\/www.sudoestehoje.com.br\/novoportal\/wp-json\/wp\/v2\/posts\/56551\/revisions"}],"predecessor-version":[{"id":56562,"href":"https:\/\/www.sudoestehoje.com.br\/novoportal\/wp-json\/wp\/v2\/posts\/56551\/revisions\/56562"}],"wp:attachment":[{"href":"https:\/\/www.sudoestehoje.com.br\/novoportal\/wp-json\/wp\/v2\/media?parent=56551"}],"wp:term":[{"taxonomy":"category","embeddable":true,"href":"https:\/\/www.sudoestehoje.com.br\/novoportal\/wp-json\/wp\/v2\/categories?post=56551"},{"taxonomy":"post_tag","embeddable":true,"href":"https:\/\/www.sudoestehoje.com.br\/novoportal\/wp-json\/wp\/v2\/tags?post=56551"}],"curies":[{"name":"wp","href":"https:\/\/api.w.org\/{rel}","templated":true}]}}