
{"id":56548,"date":"2016-04-08T13:01:48","date_gmt":"2016-04-08T16:01:48","guid":{"rendered":"http:\/\/www.sudoestehoje.com.br\/novoportal\/?p=56548"},"modified":"2016-04-09T22:29:28","modified_gmt":"2016-04-10T01:29:28","slug":"bahia-osvaldo-barreto-pede-demissao-da-secretaria-de-educacao","status":"publish","type":"post","link":"https:\/\/www.sudoestehoje.com.br\/novoportal\/2016\/04\/08\/bahia-osvaldo-barreto-pede-demissao-da-secretaria-de-educacao\/","title":{"rendered":"BAHIA: OSVALDO BARRETO PEDE DEMISS\u00c3O DA SECRETARIA DE EDUCA\u00c7\u00c3O"},"content":{"rendered":"<div id=\"attachment_56549\" style=\"width: 510px\" class=\"wp-caption aligncenter\"><a href=\"http:\/\/www.sudoestehoje.com.br\/novoportal\/wp-content\/uploads\/2016\/04\/OSVALDO11.jpg\" rel=\"attachment wp-att-56549\"><img loading=\"lazy\" decoding=\"async\" aria-describedby=\"caption-attachment-56549\" class=\"size-medium wp-image-56549\" src=\"http:\/\/www.sudoestehoje.com.br\/novoportal\/wp-content\/uploads\/2016\/04\/OSVALDO11-500x350.jpg\" alt=\"Secret\u00e1rio de Educa\u00e7\u00e3o Osvaldo Barreto apresenta plano de retorno \u00e0s aulas para o 3\u00ba ano do ensino m\u00e9dio Foto: Carol Garcia \/ SECOM\" width=\"500\" height=\"350\" srcset=\"https:\/\/www.sudoestehoje.com.br\/novoportal\/wp-content\/uploads\/2016\/04\/OSVALDO11-500x350.jpg 500w, https:\/\/www.sudoestehoje.com.br\/novoportal\/wp-content\/uploads\/2016\/04\/OSVALDO11.jpg 600w\" sizes=\"auto, (max-width: 500px) 100vw, 500px\" \/><\/a><p id=\"caption-attachment-56549\" class=\"wp-caption-text\">Secret\u00e1rio de Educa\u00e7\u00e3o Osvaldo Barreto apresenta plano de retorno \u00e0s aulas para o 3\u00ba ano do ensino m\u00e9dio<br \/>Foto: Carol Garcia \/ SECOM<\/p><\/div>\n<p>O secret\u00e1rio de Educa\u00e7\u00e3o do Estado da Bahia, Osvaldo Barreto, pediu demiss\u00e3o do cargo. Em entrevista ao<strong>\u00a0<\/strong>\u00e0 imprensa de Salvador<strong>,<\/strong> na manh\u00e3 desta sexta-feira (8), ele n\u00e3o negou a informa\u00e7\u00e3o, mas disse que n\u00e3o podia falar sobre o assunto. O\u00a0<strong>bahia.ba<\/strong> apurou\u00a0que\u00a0o petista, que est\u00e1 h\u00e1 sete anos na pasta, pediu para sair por estar desgastado\u00a0e\u00a0cansado.<\/p>\n<p>Formado em Economia pela Universidade Federal da Bahia (Ufba), Barreto licenciou-se do cargo de professor para assumir o cargo de secret\u00e1rio da Educa\u00e7\u00e3o em 2009, ainda no mandato de Jaques Wagner, e continuou na gest\u00e3o de Rui Costa.<\/p>\n<p><img decoding=\"async\" class=\"aligncenter\" src=\"http:\/\/www.sudoestehoje.com.br\/novoportal\/wp-content\/uploads\/2015\/05\/rezende-500x163-500x163.jpg\" alt=\"\" \/><\/p>\n","protected":false},"excerpt":{"rendered":"<p>O secret\u00e1rio de Educa\u00e7\u00e3o do Estado da Bahia, Osvaldo Barreto, pediu demiss\u00e3o do cargo. Em entrevista ao\u00a0\u00e0 imprensa de Salvador, na manh\u00e3 desta sexta-feira (8), ele n\u00e3o negou a informa\u00e7\u00e3o, mas disse que n\u00e3o podia falar sobre o assunto. O\u00a0bahia.ba apurou\u00a0que\u00a0o petista, que est\u00e1 h\u00e1 sete anos na pasta, pediu para sair por estar desgastado\u00a0e\u00a0cansado. [&hellip;]<\/p>\n","protected":false},"author":2,"featured_media":0,"comment_status":"open","ping_status":"open","sticky":false,"template":"","format":"standard","meta":{"footnotes":"","_links_to":"","_links_to_target":""},"categories":[1],"tags":[],"class_list":["post-56548","post","type-post","status-publish","format-standard","hentry","category-geral"],"views":2203,"_links":{"self":[{"href":"https:\/\/www.sudoestehoje.com.br\/novoportal\/wp-json\/wp\/v2\/posts\/56548","targetHints":{"allow":["GET"]}}],"collection":[{"href":"https:\/\/www.sudoestehoje.com.br\/novoportal\/wp-json\/wp\/v2\/posts"}],"about":[{"href":"https:\/\/www.sudoestehoje.com.br\/novoportal\/wp-json\/wp\/v2\/types\/post"}],"author":[{"embeddable":true,"href":"https:\/\/www.sudoestehoje.com.br\/novoportal\/wp-json\/wp\/v2\/users\/2"}],"replies":[{"embeddable":true,"href":"https:\/\/www.sudoestehoje.com.br\/novoportal\/wp-json\/wp\/v2\/comments?post=56548"}],"version-history":[{"count":2,"href":"https:\/\/www.sudoestehoje.com.br\/novoportal\/wp-json\/wp\/v2\/posts\/56548\/revisions"}],"predecessor-version":[{"id":56568,"href":"https:\/\/www.sudoestehoje.com.br\/novoportal\/wp-json\/wp\/v2\/posts\/56548\/revisions\/56568"}],"wp:attachment":[{"href":"https:\/\/www.sudoestehoje.com.br\/novoportal\/wp-json\/wp\/v2\/media?parent=56548"}],"wp:term":[{"taxonomy":"category","embeddable":true,"href":"https:\/\/www.sudoestehoje.com.br\/novoportal\/wp-json\/wp\/v2\/categories?post=56548"},{"taxonomy":"post_tag","embeddable":true,"href":"https:\/\/www.sudoestehoje.com.br\/novoportal\/wp-json\/wp\/v2\/tags?post=56548"}],"curies":[{"name":"wp","href":"https:\/\/api.w.org\/{rel}","templated":true}]}}