
{"id":5653,"date":"2011-06-11T01:59:27","date_gmt":"2011-06-11T04:59:27","guid":{"rendered":"http:\/\/www.sudoestehoje.com.br\/novoportal\/?p=5653"},"modified":"2011-06-11T12:33:18","modified_gmt":"2011-06-11T15:33:18","slug":"prefeitura-errante","status":"publish","type":"post","link":"https:\/\/www.sudoestehoje.com.br\/novoportal\/2011\/06\/11\/prefeitura-errante\/","title":{"rendered":"&#8216;PREFEITURA ERRANTE&#8217;"},"content":{"rendered":"<p style=\"text-align: center;\"><a href=\"http:\/\/www.google.com.br\/imgres?imgurl=http:\/\/www.itapetinganamidia.com\/wp-content\/gallery\/prefeitura-itinerante-ii\/imagem-18.jpg&amp;imgrefurl=http:\/\/www.sudoestehoje.com.br\/novoportal\/2011\/06\/06\/prefeitura-intinerante-reuniao-na-vila-isabel-foi-um-fiasco\/&amp;usg=__DaUayvdu2vGz9sLhCsf6ayYPj-U=&amp;h=450&amp;w=600&amp;sz=51&amp;hl=pt-BR&amp;start=40&amp;zoom=1&amp;itbs=1&amp;tbnid=fYp2XxsE99rmCM:&amp;tbnh=101&amp;tbnw=135&amp;prev=\/search%3Fq%3DPREFEITURA%2BITINERANTE%26start%3D20%26hl%3Dpt-BR%26sa%3DN%26biw%3D1259%26bih%3D646%26gbv%3D2%26ndsp%3D20%26tbm%3Disch&amp;ei=o_XyTbXgJsrIgQeQtsifDQ\"><img loading=\"lazy\" decoding=\"async\" id=\"fYp2XxsE99rmCM:\" class=\"aligncenter\" src=\"http:\/\/t2.gstatic.com\/images?q=tbn:ANd9GcSG84WDZnMmldknfuW2RiQqkN0UOh-Z9S2Ah6b3ATsZnAMSGkddj5yV-0E\" alt=\"\" width=\"135\" height=\"101\" \/><\/a><\/p>\n<p>Depois do vexame na reuni\u00e3o da &#8220;Prefeitura Itinerante&#8221; na Vila Isabel, semana passada, a assessoria da prefeitura tentou consertar o desastre, fazendo uma nova reuni\u00e3o nesta quinta-feira (09). Para n\u00e3o passar vergonha de novo, mandaram tirar as fotos publicadas em um site, por Sis\u00ednio Neto, e\u00a0investiram em propaganda maci\u00e7a no bairro, com 2 carros de som e chamadas nas r\u00e1dios, convocando a popula\u00e7\u00e3o para ouvir as &#8216;abobrinhas&#8217; do prefeito e sua equipe fraquinha. Conseguiram, enfim, arrebanhar alguns &#8216;gatos pingados&#8217;, o que motivou uma efusiva comemora\u00e7\u00e3o, com direito a foguet\u00f3rio e fala\u00e7\u00e3o na r\u00e1dio &#8216;laranjal&#8217;. O povo da Vila, mais uma vez, torceu o nariz, pois n\u00e3o engole as promessas do prefeito, que perdeu toda a credibilidade. Agora, &#8220;a In\u00eaz j\u00e1 \u00e9 morta&#8221;.<\/p>\n","protected":false},"excerpt":{"rendered":"<p>Depois do vexame na reuni\u00e3o da &#8220;Prefeitura Itinerante&#8221; na Vila Isabel, semana passada, a assessoria da prefeitura tentou consertar o desastre, fazendo uma nova reuni\u00e3o nesta quinta-feira (09). Para n\u00e3o passar vergonha de novo, mandaram tirar as fotos publicadas em um site, por Sis\u00ednio Neto, e\u00a0investiram em propaganda maci\u00e7a no bairro, com 2 carros de [&hellip;]<\/p>\n","protected":false},"author":2,"featured_media":0,"comment_status":"open","ping_status":"open","sticky":false,"template":"","format":"standard","meta":{"footnotes":"","_links_to":"","_links_to_target":""},"categories":[11],"tags":[],"class_list":["post-5653","post","type-post","status-publish","format-standard","hentry","category-quentinhas"],"views":1142,"_links":{"self":[{"href":"https:\/\/www.sudoestehoje.com.br\/novoportal\/wp-json\/wp\/v2\/posts\/5653","targetHints":{"allow":["GET"]}}],"collection":[{"href":"https:\/\/www.sudoestehoje.com.br\/novoportal\/wp-json\/wp\/v2\/posts"}],"about":[{"href":"https:\/\/www.sudoestehoje.com.br\/novoportal\/wp-json\/wp\/v2\/types\/post"}],"author":[{"embeddable":true,"href":"https:\/\/www.sudoestehoje.com.br\/novoportal\/wp-json\/wp\/v2\/users\/2"}],"replies":[{"embeddable":true,"href":"https:\/\/www.sudoestehoje.com.br\/novoportal\/wp-json\/wp\/v2\/comments?post=5653"}],"version-history":[{"count":3,"href":"https:\/\/www.sudoestehoje.com.br\/novoportal\/wp-json\/wp\/v2\/posts\/5653\/revisions"}],"predecessor-version":[{"id":5657,"href":"https:\/\/www.sudoestehoje.com.br\/novoportal\/wp-json\/wp\/v2\/posts\/5653\/revisions\/5657"}],"wp:attachment":[{"href":"https:\/\/www.sudoestehoje.com.br\/novoportal\/wp-json\/wp\/v2\/media?parent=5653"}],"wp:term":[{"taxonomy":"category","embeddable":true,"href":"https:\/\/www.sudoestehoje.com.br\/novoportal\/wp-json\/wp\/v2\/categories?post=5653"},{"taxonomy":"post_tag","embeddable":true,"href":"https:\/\/www.sudoestehoje.com.br\/novoportal\/wp-json\/wp\/v2\/tags?post=5653"}],"curies":[{"name":"wp","href":"https:\/\/api.w.org\/{rel}","templated":true}]}}