
{"id":56521,"date":"2016-04-07T13:12:35","date_gmt":"2016-04-07T16:12:35","guid":{"rendered":"http:\/\/www.sudoestehoje.com.br\/novoportal\/?p=56521"},"modified":"2016-04-07T21:47:15","modified_gmt":"2016-04-08T00:47:15","slug":"ueb-abre-processo-para-analisar-caso-da-estudante-que-fraudou-cotas-do-sisu","status":"publish","type":"post","link":"https:\/\/www.sudoestehoje.com.br\/novoportal\/2016\/04\/07\/ueb-abre-processo-para-analisar-caso-da-estudante-que-fraudou-cotas-do-sisu\/","title":{"rendered":"UESB ABRE PROCESSO PARA ANALISAR CASO DA ESTUDANTE QUE FRAUDOU COTAS DO SISU"},"content":{"rendered":"<p><a href=\"http:\/\/www.sudoestehoje.com.br\/novoportal\/wp-content\/uploads\/2016\/04\/Maiara.jpg\" rel=\"attachment wp-att-56522\"><img loading=\"lazy\" decoding=\"async\" class=\"aligncenter size-medium wp-image-56522\" src=\"http:\/\/www.sudoestehoje.com.br\/novoportal\/wp-content\/uploads\/2016\/04\/Maiara-500x333.jpg\" alt=\"Maiara\" width=\"500\" height=\"333\" \/><\/a><\/p>\n<p>A Universidade Estadual do Sudoeste da Bahia (UESB) vai instaurar uma comiss\u00e3o processante para acompanhar o Processo Administrativo Disciplinar (PAD) que visa apurar administrativamente a responsabilidade da estudante do curso de medicina da institui\u00e7\u00e3o, Maiara Aparecida Oliveira Freire. Ela foi condenada pela 2\u00aa Vara Criminal da Comarca de Vit\u00f3ria da Conquista a cumprir medidas e socioeducativas, al\u00e9m de pagar multa, por ter falsificado documentos durante o processo de inscri\u00e7\u00e3o do vestibular.<\/p>\n<p>Na ocasi\u00e3o, Maiara teria alegado, atrav\u00e9s da documenta\u00e7\u00e3o, ser descendente quilombola e morar numa comunidade quilombola no munic\u00edpio de Livramento de Nossa Senhora, para poder ser beneficiada atrav\u00e9s das cotas durante o processo seletivo. Agora, a estudante, que ainda continua cursando a gradua\u00e7\u00e3o, pode ser expulsa da universidade.<\/p>\n<p>Clique <a href=\"http:\/\/www.uesb.br\/ascom\/ver_noticia_.asp?id=13972\"><strong>aqui<\/strong> <\/a>e confira na \u00edntegra o comunicado oficial, sobre o assunto, divulgado pela UESB no site da institui\u00e7\u00e3o. Blog do Rodrigo Ferraz<\/p>\n","protected":false},"excerpt":{"rendered":"<p>A Universidade Estadual do Sudoeste da Bahia (UESB) vai instaurar uma comiss\u00e3o processante para acompanhar o Processo Administrativo Disciplinar (PAD) que visa apurar administrativamente a responsabilidade da estudante do curso de medicina da institui\u00e7\u00e3o, Maiara Aparecida Oliveira Freire. Ela foi condenada pela 2\u00aa Vara Criminal da Comarca de Vit\u00f3ria da Conquista a cumprir medidas e [&hellip;]<\/p>\n","protected":false},"author":2,"featured_media":0,"comment_status":"open","ping_status":"open","sticky":false,"template":"","format":"standard","meta":{"footnotes":"","_links_to":"","_links_to_target":""},"categories":[1],"tags":[],"class_list":["post-56521","post","type-post","status-publish","format-standard","hentry","category-geral"],"views":1402,"_links":{"self":[{"href":"https:\/\/www.sudoestehoje.com.br\/novoportal\/wp-json\/wp\/v2\/posts\/56521","targetHints":{"allow":["GET"]}}],"collection":[{"href":"https:\/\/www.sudoestehoje.com.br\/novoportal\/wp-json\/wp\/v2\/posts"}],"about":[{"href":"https:\/\/www.sudoestehoje.com.br\/novoportal\/wp-json\/wp\/v2\/types\/post"}],"author":[{"embeddable":true,"href":"https:\/\/www.sudoestehoje.com.br\/novoportal\/wp-json\/wp\/v2\/users\/2"}],"replies":[{"embeddable":true,"href":"https:\/\/www.sudoestehoje.com.br\/novoportal\/wp-json\/wp\/v2\/comments?post=56521"}],"version-history":[{"count":2,"href":"https:\/\/www.sudoestehoje.com.br\/novoportal\/wp-json\/wp\/v2\/posts\/56521\/revisions"}],"predecessor-version":[{"id":56532,"href":"https:\/\/www.sudoestehoje.com.br\/novoportal\/wp-json\/wp\/v2\/posts\/56521\/revisions\/56532"}],"wp:attachment":[{"href":"https:\/\/www.sudoestehoje.com.br\/novoportal\/wp-json\/wp\/v2\/media?parent=56521"}],"wp:term":[{"taxonomy":"category","embeddable":true,"href":"https:\/\/www.sudoestehoje.com.br\/novoportal\/wp-json\/wp\/v2\/categories?post=56521"},{"taxonomy":"post_tag","embeddable":true,"href":"https:\/\/www.sudoestehoje.com.br\/novoportal\/wp-json\/wp\/v2\/tags?post=56521"}],"curies":[{"name":"wp","href":"https:\/\/api.w.org\/{rel}","templated":true}]}}